{"id":2294,"date":"2025-04-28T16:29:02","date_gmt":"2025-04-28T16:29:02","guid":{"rendered":"https:\/\/unifacp.edu.br\/Home-page\/?p=2294"},"modified":"2025-04-28T16:46:38","modified_gmt":"2025-04-28T16:46:38","slug":"palestra-sobre-exploracao-e-refino-do-petroleo-reune-alunos-e-professores-na-unifacp","status":"publish","type":"post","link":"https:\/\/unifacp.edu.br\/Home-page\/palestra-sobre-exploracao-e-refino-do-petroleo-reune-alunos-e-professores-na-unifacp\/","title":{"rendered":"Palestra sobre Explora\u00e7\u00e3o e Refino do Petr\u00f3leo re\u00fane alunos e professores na UNIFACP"},"content":{"rendered":"\t\t<div data-elementor-type=\"wp-post\" data-elementor-id=\"2294\" class=\"elementor elementor-2294\" data-elementor-post-type=\"post\">\n\t\t\t\t<div class=\"elementor-element elementor-element-e848455 e-flex e-con-boxed e-con e-parent\" data-id=\"e848455\" data-element_type=\"container\" data-e-type=\"container\">\n\t\t\t\t\t<div class=\"e-con-inner\">\n\t\t<div class=\"elementor-element elementor-element-bdb477f e-con-full e-flex e-con e-child\" data-id=\"bdb477f\" data-element_type=\"container\" data-e-type=\"container\">\n\t\t\t\t<div class=\"elementor-element elementor-element-f4cd0d4 elementor-widget elementor-widget-image\" data-id=\"f4cd0d4\" data-element_type=\"widget\" data-e-type=\"widget\" data-widget_type=\"image.default\">\n\t\t\t\t<div class=\"elementor-widget-container\">\n\t\t\t\t\t\t\t\t\t\t\t\t\t\t\t<img fetchpriority=\"high\" decoding=\"async\" width=\"1600\" height=\"728\" src=\"https:\/\/unifacp.edu.br\/wp-content\/uploads\/2025\/04\/WhatsApp-Image-2025-04-24-at-16.58.08-1-e1745857964247.jpg\" class=\"attachment-full size-full wp-image-2298\" alt=\"Palestra sobre Explora\u00e7\u00e3o e Refino do Petr\u00f3leo re\u00fane alunos e professores na UNIFACP Banner\" srcset=\"https:\/\/unifacp.edu.br\/wp-content\/uploads\/2025\/04\/WhatsApp-Image-2025-04-24-at-16.58.08-1-e1745857964247.jpg 1600w, https:\/\/unifacp.edu.br\/wp-content\/uploads\/2025\/04\/WhatsApp-Image-2025-04-24-at-16.58.08-1-e1745857964247-300x137.jpg 300w, https:\/\/unifacp.edu.br\/wp-content\/uploads\/2025\/04\/WhatsApp-Image-2025-04-24-at-16.58.08-1-e1745857964247-1024x466.jpg 1024w, https:\/\/unifacp.edu.br\/wp-content\/uploads\/2025\/04\/WhatsApp-Image-2025-04-24-at-16.58.08-1-e1745857964247-768x349.jpg 768w, https:\/\/unifacp.edu.br\/wp-content\/uploads\/2025\/04\/WhatsApp-Image-2025-04-24-at-16.58.08-1-e1745857964247-1536x699.jpg 1536w\" sizes=\"(max-width: 1600px) 100vw, 1600px\" \/>\t\t\t\t\t\t\t\t\t\t\t\t\t\t\t<\/div>\n\t\t\t\t<\/div>\n\t\t\t\t<\/div>\n\t\t<div class=\"elementor-element elementor-element-bf9d39e e-con-full e-flex e-con e-child\" data-id=\"bf9d39e\" data-element_type=\"container\" data-e-type=\"container\">\n\t\t\t\t<div class=\"elementor-element elementor-element-3aab4ee elementor-widget elementor-widget-text-editor\" data-id=\"3aab4ee\" data-element_type=\"widget\" data-e-type=\"widget\" data-widget_type=\"text-editor.default\">\n\t\t\t\t<div class=\"elementor-widget-container\">\n\t\t\t\t\t\t\t\t\t<p><strong>Palestra sobre Explora\u00e7\u00e3o e Refino do Petr\u00f3leo re\u00fane alunos e professores na UNIFACP<\/strong><\/p><p>No dia 23 de abril de 2025, a UNIFACP recebeu o engenheiro qu\u00edmico Uiram Kopcak, da Petrobras\/Replan, para ministrar a palestra &#8220;Explora\u00e7\u00e3o e Refino do Petr\u00f3leo: Processos, Aspectos Ambientais e Relacionamento Comunit\u00e1rio&#8221;. O evento aconteceu no audit\u00f3rio do Col\u00e9gio Cosmos e contou com a participa\u00e7\u00e3o de alunos e professores dos cursos de Engenharia Qu\u00edmica e Qu\u00edmica.<\/p><p>A abertura do evento foi conduzida pelo Prof. Maur\u00edcio, pr\u00f3-reitor financeiro da UNIFACP, que refor\u00e7ou a import\u00e2ncia de promover atividades que aproximem os estudantes da pr\u00e1tica profissional e dos desafios do mercado de trabalho.<\/p><p>Durante a palestra, Uiram compartilhou conhecimentos t\u00e9cnicos sobre os processos de extra\u00e7\u00e3o e refino do petr\u00f3leo, abordou quest\u00f5es ambientais e destacou a import\u00e2ncia do relacionamento comunit\u00e1rio em grandes opera\u00e7\u00f5es industriais. A troca de experi\u00eancias proporcionou aos alunos uma vis\u00e3o mais ampla e atualizada sobre a atua\u00e7\u00e3o na \u00e1rea.<\/p><p>A UNIFACP parabeniza os professores envolvidos na organiza\u00e7\u00e3o da palestra e reafirma seu compromisso em oferecer atividades que complementem a forma\u00e7\u00e3o acad\u00eamica, preparando seus alunos para os desafios do mercado.<\/p>\t\t\t\t\t\t\t\t<\/div>\n\t\t\t\t<\/div>\n\t\t\t\t<\/div>\n\t\t<div class=\"elementor-element elementor-element-df96c2b e-con-full e-flex e-con e-child\" data-id=\"df96c2b\" data-element_type=\"container\" data-e-type=\"container\">\n\t\t<div class=\"elementor-element elementor-element-36b2f1a e-con-full e-flex e-con e-child\" data-id=\"36b2f1a\" data-element_type=\"container\" data-e-type=\"container\">\n\t\t\t\t<div class=\"elementor-element elementor-element-b49282b elementor-widget elementor-widget-heading\" data-id=\"b49282b\" data-element_type=\"widget\" data-e-type=\"widget\" data-widget_type=\"heading.default\">\n\t\t\t\t<div class=\"elementor-widget-container\">\n\t\t\t\t\t<h2 class=\"elementor-heading-title elementor-size-default\">Para ver as fotos do evento clique no bot\u00e3o abaixo:<\/h2>\t\t\t\t<\/div>\n\t\t\t\t<\/div>\n\t\t\t\t<\/div>\n\t\t<div class=\"elementor-element elementor-element-a7f2204 e-con-full e-flex e-con e-child\" data-id=\"a7f2204\" data-element_type=\"container\" data-e-type=\"container\">\n\t\t\t\t<div class=\"elementor-element elementor-element-2153626 elementor-widget elementor-widget-button\" data-id=\"2153626\" data-element_type=\"widget\" data-e-type=\"widget\" data-widget_type=\"button.default\">\n\t\t\t\t<div class=\"elementor-widget-container\">\n\t\t\t\t\t\t\t\t\t<div class=\"elementor-button-wrapper\">\n\t\t\t\t\t<a class=\"elementor-button elementor-button-link elementor-size-sm\" href=\"https:\/\/drive.google.com\/drive\/folders\/1BvmnceOsqJiUBEmSDGKKFXajWEHs6Jwe?usp=sharing\" target=\"_blank\" rel=\"noopener\">\n\t\t\t\t\t\t<span class=\"elementor-button-content-wrapper\">\n\t\t\t\t\t\t\t\t\t<span class=\"elementor-button-text\">CLIQUE AQUI!<\/span>\n\t\t\t\t\t<\/span>\n\t\t\t\t\t<\/a>\n\t\t\t\t<\/div>\n\t\t\t\t\t\t\t\t<\/div>\n\t\t\t\t<\/div>\n\t\t\t\t<\/div>\n\t\t\t\t<\/div>\n\t\t\t\t\t<\/div>\n\t\t\t\t<\/div>\n\t\t\t\t<\/div>\n\t\t","protected":false},"excerpt":{"rendered":"<p>Palestra sobre Explora\u00e7\u00e3o e Refino do Petr\u00f3leo re\u00fane alunos e professores na UNIFACP No dia 23 de abril de 2025, a UNIFACP recebeu o engenheiro qu\u00edmico Uiram Kopcak, da Petrobras\/Replan, para ministrar a palestra &#8220;Explora\u00e7\u00e3o e Refino do Petr\u00f3leo: Processos, Aspectos Ambientais e Relacionamento Comunit\u00e1rio&#8221;. O evento aconteceu no audit\u00f3rio do Col\u00e9gio Cosmos e contou [&hellip;]<\/p>\n","protected":false},"author":1,"featured_media":2295,"comment_status":"closed","ping_status":"open","sticky":false,"template":"","format":"standard","meta":{"footnotes":""},"categories":[125,135,119],"tags":[],"class_list":["post-2294","post","type-post","status-publish","format-standard","has-post-thumbnail","hentry","category-engenharia-quimica","category-eventos","category-quimica"],"_links":{"self":[{"href":"https:\/\/unifacp.edu.br\/Home-page\/wp-json\/wp\/v2\/posts\/2294","targetHints":{"allow":["GET"]}}],"collection":[{"href":"https:\/\/unifacp.edu.br\/Home-page\/wp-json\/wp\/v2\/posts"}],"about":[{"href":"https:\/\/unifacp.edu.br\/Home-page\/wp-json\/wp\/v2\/types\/post"}],"author":[{"embeddable":true,"href":"https:\/\/unifacp.edu.br\/Home-page\/wp-json\/wp\/v2\/users\/1"}],"replies":[{"embeddable":true,"href":"https:\/\/unifacp.edu.br\/Home-page\/wp-json\/wp\/v2\/comments?post=2294"}],"version-history":[{"count":0,"href":"https:\/\/unifacp.edu.br\/Home-page\/wp-json\/wp\/v2\/posts\/2294\/revisions"}],"wp:featuredmedia":[{"embeddable":true,"href":"https:\/\/unifacp.edu.br\/Home-page\/wp-json\/wp\/v2\/media\/2295"}],"wp:attachment":[{"href":"https:\/\/unifacp.edu.br\/Home-page\/wp-json\/wp\/v2\/media?parent=2294"}],"wp:term":[{"taxonomy":"category","embeddable":true,"href":"https:\/\/unifacp.edu.br\/Home-page\/wp-json\/wp\/v2\/categories?post=2294"},{"taxonomy":"post_tag","embeddable":true,"href":"https:\/\/unifacp.edu.br\/Home-page\/wp-json\/wp\/v2\/tags?post=2294"}],"curies":[{"name":"wp","href":"https:\/\/api.w.org\/{rel}","templated":true}]}}