{"id":2330,"date":"2025-05-08T17:37:55","date_gmt":"2025-05-08T17:37:55","guid":{"rendered":"https:\/\/unifacp.edu.br\/Home-page\/?p=2330"},"modified":"2025-05-08T17:41:13","modified_gmt":"2025-05-08T17:41:13","slug":"fisioterapia-unifacp-no-treinao-2025-com-acoes-de-promocao-a-saude-e-cuidado-comunitario","status":"publish","type":"post","link":"https:\/\/unifacp.edu.br\/Home-page\/fisioterapia-unifacp-no-treinao-2025-com-acoes-de-promocao-a-saude-e-cuidado-comunitario\/","title":{"rendered":"Fisioterapia UNIFACP no Trein\u00e3o 2025 com a\u00e7\u00f5es de promo\u00e7\u00e3o \u00e0 sa\u00fade e cuidado comunit\u00e1rio"},"content":{"rendered":"\t\t<div data-elementor-type=\"wp-post\" data-elementor-id=\"2330\" class=\"elementor elementor-2330\" data-elementor-post-type=\"post\">\n\t\t\t\t<div class=\"elementor-element elementor-element-b06c97c e-flex e-con-boxed e-con e-parent\" data-id=\"b06c97c\" data-element_type=\"container\" data-e-type=\"container\">\n\t\t\t\t\t<div class=\"e-con-inner\">\n\t\t<div class=\"elementor-element elementor-element-cd700b5 e-con-full e-flex e-con e-child\" data-id=\"cd700b5\" data-element_type=\"container\" data-e-type=\"container\">\n\t\t\t\t<div class=\"elementor-element elementor-element-c021b52 elementor-widget elementor-widget-image\" data-id=\"c021b52\" data-element_type=\"widget\" data-e-type=\"widget\" data-widget_type=\"image.default\">\n\t\t\t\t<div class=\"elementor-widget-container\">\n\t\t\t\t\t\t\t\t\t\t\t\t\t\t\t<img fetchpriority=\"high\" decoding=\"async\" width=\"1280\" height=\"600\" src=\"https:\/\/unifacp.edu.br\/wp-content\/uploads\/2025\/05\/ARTIGO-SITE-TAMANHO-NOVO-1.png\" class=\"attachment-full size-full wp-image-2333\" alt=\"Fisioterapia UNIFACP no Trein\u00e3o 2025 com a\u00e7\u00f5es de promo\u00e7\u00e3o \u00e0 sa\u00fade e cuidado comunit\u00e1rio banner\" srcset=\"https:\/\/unifacp.edu.br\/wp-content\/uploads\/2025\/05\/ARTIGO-SITE-TAMANHO-NOVO-1.png 1280w, https:\/\/unifacp.edu.br\/wp-content\/uploads\/2025\/05\/ARTIGO-SITE-TAMANHO-NOVO-1-300x141.png 300w, https:\/\/unifacp.edu.br\/wp-content\/uploads\/2025\/05\/ARTIGO-SITE-TAMANHO-NOVO-1-1024x480.png 1024w, https:\/\/unifacp.edu.br\/wp-content\/uploads\/2025\/05\/ARTIGO-SITE-TAMANHO-NOVO-1-768x360.png 768w\" sizes=\"(max-width: 1280px) 100vw, 1280px\" \/>\t\t\t\t\t\t\t\t\t\t\t\t\t\t\t<\/div>\n\t\t\t\t<\/div>\n\t\t\t\t<\/div>\n\t\t<div class=\"elementor-element elementor-element-4b900b0 e-con-full e-flex e-con e-child\" data-id=\"4b900b0\" data-element_type=\"container\" data-e-type=\"container\">\n\t\t\t\t<div class=\"elementor-element elementor-element-f5bc74e elementor-widget elementor-widget-heading\" data-id=\"f5bc74e\" data-element_type=\"widget\" data-e-type=\"widget\" data-widget_type=\"heading.default\">\n\t\t\t\t<div class=\"elementor-widget-container\">\n\t\t\t\t\t<h1 class=\"elementor-heading-title elementor-size-default\">Fisioterapia UNIFACP  no Trein\u00e3o 2025 com a\u00e7\u00f5es de promo\u00e7\u00e3o \u00e0 sa\u00fade e cuidado comunit\u00e1rio<\/h1>\t\t\t\t<\/div>\n\t\t\t\t<\/div>\n\t\t\t\t<\/div>\n\t\t<div class=\"elementor-element elementor-element-e200316 e-con-full e-flex e-con e-child\" data-id=\"e200316\" data-element_type=\"container\" data-e-type=\"container\">\n\t\t\t\t<div class=\"elementor-element elementor-element-b1fc7e2 elementor-widget elementor-widget-text-editor\" data-id=\"b1fc7e2\" data-element_type=\"widget\" data-e-type=\"widget\" data-widget_type=\"text-editor.default\">\n\t\t\t\t<div class=\"elementor-widget-container\">\n\t\t\t\t\t\t\t\t\t<p>A participa\u00e7\u00e3o do curso de Fisioterapia no Trein\u00e3o UNIFACP 2025 foi um verdadeiro sucesso e reafirmou o papel fundamental da gradua\u00e7\u00e3o na promo\u00e7\u00e3o da sa\u00fade e qualidade de vida da comunidade. Realizado no domingo, 4 de maio, o evento contou com a presen\u00e7a ativa dos alunos e professores da Fisioterapia, em conjunto com os cursos de Educa\u00e7\u00e3o F\u00edsica, Nutri\u00e7\u00e3o e Enfermagem, fortalecendo o esp\u00edrito interdisciplinar e de responsabilidade social da institui\u00e7\u00e3o.<\/p><p>Ao longo da manh\u00e3, os estudantes de Fisioterapia, sempre sob a orienta\u00e7\u00e3o de seus docentes, atuaram de forma cuidadosa e eficiente nas atividades de avalia\u00e7\u00e3o da pisada, avalia\u00e7\u00e3o postural, libera\u00e7\u00e3o miofascial e atendimentos de primeiros socorros, contribuindo diretamente para o bem-estar dos participantes da corrida e caminhada.<\/p><p>As a\u00e7\u00f5es tiveram o objetivo de proporcionar suporte f\u00edsico, prevenir les\u00f5es e oferecer acolhimento aos corredores e caminhantes do evento, colocando em pr\u00e1tica habilidades t\u00e9cnicas e comportamentais essenciais \u00e0 forma\u00e7\u00e3o profissional.<\/p><p>A UNIFACP agradece \u00e0 dedicada equipe docente respons\u00e1vel pelo acompanhamento e orienta\u00e7\u00e3o das atividades: Profa. Renata Bueno, Profa. Cl\u00e1udia Pinheiro Valad\u00e3o, Prof. Victor Matheus Philadelfio Paes e Prof. Renato Trevizan Pastore, al\u00e9m do coordenador do curso de Fisioterapia, Prof. Hildebrando de Barros Ribeiro, pela condu\u00e7\u00e3o exemplar de mais uma a\u00e7\u00e3o extensionista de impacto social.<\/p><p>Eventos como este refor\u00e7am o compromisso da UNIFACP com uma forma\u00e7\u00e3o acad\u00eamica pr\u00e1tica, \u00e9tica e voltada ao servi\u00e7o da comunidade. Nosso reconhecimento tamb\u00e9m \u00e0 organiza\u00e7\u00e3o geral do Trein\u00e3o 2025, que foi conduzido com excel\u00eancia, integra\u00e7\u00e3o e prop\u00f3sito.<\/p><p>Que venham as pr\u00f3ximas edi\u00e7\u00f5es! A Fisioterapia UNIFACP estar\u00e1 pronta para continuar transformando vidas por meio do conhecimento, do cuidado e do movimento.<\/p>\t\t\t\t\t\t\t\t<\/div>\n\t\t\t\t<\/div>\n\t\t\t\t<\/div>\n\t\t<div class=\"elementor-element elementor-element-beea745 e-con-full e-flex e-con e-child\" data-id=\"beea745\" data-element_type=\"container\" data-e-type=\"container\">\n\t\t\t\t<div class=\"elementor-element elementor-element-7018bb2 elementor-widget elementor-widget-text-editor\" data-id=\"7018bb2\" data-element_type=\"widget\" data-e-type=\"widget\" data-widget_type=\"text-editor.default\">\n\t\t\t\t<div class=\"elementor-widget-container\">\n\t\t\t\t\t\t\t\t\t<p>Para acessar as fotos do evento clique no link abaixo:<\/p><p><a href=\"https:\/\/photos.app.goo.gl\/a5wYjJPLPszdN9fV9\" target=\"_blank\" rel=\"noopener\">https:\/\/photos.app.goo.gl\/a5wYjJPLPszdN9fV9<\/a><\/p>\t\t\t\t\t\t\t\t<\/div>\n\t\t\t\t<\/div>\n\t\t\t\t<\/div>\n\t\t\t\t\t<\/div>\n\t\t\t\t<\/div>\n\t\t\t\t<\/div>\n\t\t","protected":false},"excerpt":{"rendered":"<p>Fisioterapia UNIFACP no Trein\u00e3o 2025 com a\u00e7\u00f5es de promo\u00e7\u00e3o \u00e0 sa\u00fade e cuidado comunit\u00e1rio A participa\u00e7\u00e3o do curso de Fisioterapia no Trein\u00e3o UNIFACP 2025 foi um verdadeiro sucesso e reafirmou o papel fundamental da gradua\u00e7\u00e3o na promo\u00e7\u00e3o da sa\u00fade e qualidade de vida da comunidade. Realizado no domingo, 4 de maio, o evento contou com [&hellip;]<\/p>\n","protected":false},"author":1,"featured_media":2331,"comment_status":"closed","ping_status":"open","sticky":false,"template":"","format":"standard","meta":{"footnotes":""},"categories":[123],"tags":[],"class_list":["post-2330","post","type-post","status-publish","format-standard","has-post-thumbnail","hentry","category-fisioterapia"],"_links":{"self":[{"href":"https:\/\/unifacp.edu.br\/Home-page\/wp-json\/wp\/v2\/posts\/2330","targetHints":{"allow":["GET"]}}],"collection":[{"href":"https:\/\/unifacp.edu.br\/Home-page\/wp-json\/wp\/v2\/posts"}],"about":[{"href":"https:\/\/unifacp.edu.br\/Home-page\/wp-json\/wp\/v2\/types\/post"}],"author":[{"embeddable":true,"href":"https:\/\/unifacp.edu.br\/Home-page\/wp-json\/wp\/v2\/users\/1"}],"replies":[{"embeddable":true,"href":"https:\/\/unifacp.edu.br\/Home-page\/wp-json\/wp\/v2\/comments?post=2330"}],"version-history":[{"count":0,"href":"https:\/\/unifacp.edu.br\/Home-page\/wp-json\/wp\/v2\/posts\/2330\/revisions"}],"wp:featuredmedia":[{"embeddable":true,"href":"https:\/\/unifacp.edu.br\/Home-page\/wp-json\/wp\/v2\/media\/2331"}],"wp:attachment":[{"href":"https:\/\/unifacp.edu.br\/Home-page\/wp-json\/wp\/v2\/media?parent=2330"}],"wp:term":[{"taxonomy":"category","embeddable":true,"href":"https:\/\/unifacp.edu.br\/Home-page\/wp-json\/wp\/v2\/categories?post=2330"},{"taxonomy":"post_tag","embeddable":true,"href":"https:\/\/unifacp.edu.br\/Home-page\/wp-json\/wp\/v2\/tags?post=2330"}],"curies":[{"name":"wp","href":"https:\/\/api.w.org\/{rel}","templated":true}]}}