{"id":2390,"date":"2025-05-13T17:48:50","date_gmt":"2025-05-13T17:48:50","guid":{"rendered":"https:\/\/unifacp.edu.br\/Home-page\/?p=2390"},"modified":"2025-05-13T17:53:42","modified_gmt":"2025-05-13T17:53:42","slug":"estudantes-do-7o-semestre-de-direito-realizam-audiencia-simulada-trabalhista-na-unifacp","status":"publish","type":"post","link":"https:\/\/unifacp.edu.br\/Home-page\/estudantes-do-7o-semestre-de-direito-realizam-audiencia-simulada-trabalhista-na-unifacp\/","title":{"rendered":"Estudantes do 7\u00ba semestre de Direito realizam audi\u00eancia simulada trabalhista na UNIFACP"},"content":{"rendered":"\t\t<div data-elementor-type=\"wp-post\" data-elementor-id=\"2390\" class=\"elementor elementor-2390\" data-elementor-post-type=\"post\">\n\t\t\t\t<div class=\"elementor-element elementor-element-4540f7c e-con-full e-flex e-con e-parent\" data-id=\"4540f7c\" data-element_type=\"container\" data-e-type=\"container\">\n\t\t<div class=\"elementor-element elementor-element-cc8da3b e-con-full e-flex e-con e-child\" data-id=\"cc8da3b\" data-element_type=\"container\" data-e-type=\"container\">\n\t\t\t\t<div class=\"elementor-element elementor-element-14eeeba elementor-widget elementor-widget-image\" data-id=\"14eeeba\" data-element_type=\"widget\" data-e-type=\"widget\" data-widget_type=\"image.default\">\n\t\t\t\t<div class=\"elementor-widget-container\">\n\t\t\t\t\t\t\t\t\t\t\t\t\t\t\t<img fetchpriority=\"high\" decoding=\"async\" width=\"1280\" height=\"600\" src=\"https:\/\/unifacp.edu.br\/wp-content\/uploads\/2025\/05\/ARTIGO-SITE-TAMANHO-NOVO-2.png\" class=\"attachment-full size-full wp-image-2394\" alt=\"ARTIGO SITE TAMANHO NOVO\" srcset=\"https:\/\/unifacp.edu.br\/wp-content\/uploads\/2025\/05\/ARTIGO-SITE-TAMANHO-NOVO-2.png 1280w, https:\/\/unifacp.edu.br\/wp-content\/uploads\/2025\/05\/ARTIGO-SITE-TAMANHO-NOVO-2-300x141.png 300w, https:\/\/unifacp.edu.br\/wp-content\/uploads\/2025\/05\/ARTIGO-SITE-TAMANHO-NOVO-2-1024x480.png 1024w, https:\/\/unifacp.edu.br\/wp-content\/uploads\/2025\/05\/ARTIGO-SITE-TAMANHO-NOVO-2-768x360.png 768w\" sizes=\"(max-width: 1280px) 100vw, 1280px\" \/>\t\t\t\t\t\t\t\t\t\t\t\t\t\t\t<\/div>\n\t\t\t\t<\/div>\n\t\t\t\t<\/div>\n\t\t<div class=\"elementor-element elementor-element-4ac6b72 e-flex e-con-boxed e-con e-child\" data-id=\"4ac6b72\" data-element_type=\"container\" data-e-type=\"container\">\n\t\t\t\t\t<div class=\"e-con-inner\">\n\t\t\t\t<div class=\"elementor-element elementor-element-16b0261 elementor-widget elementor-widget-text-editor\" data-id=\"16b0261\" data-element_type=\"widget\" data-e-type=\"widget\" data-widget_type=\"text-editor.default\">\n\t\t\t\t<div class=\"elementor-widget-container\">\n\t\t\t\t\t\t\t\t\t<h3><span style=\"color: #000000;\">Estudantes do 7\u00ba semestre de Direito realizam audi\u00eancia simulada trabalhista na UNIFACP<\/span><\/h3><p>Os alunos do 7\u00ba semestre do curso de Direito da UNIFACP participaram de uma audi\u00eancia simulada de Direito do Trabalho, realizada sob a supervis\u00e3o da professora Juliana Giovanetti. A atividade faz parte da proposta pedag\u00f3gica do curso, que valoriza a integra\u00e7\u00e3o entre teoria e pr\u00e1tica jur\u00eddica desde os primeiros semestres.<\/p><p>Durante a simula\u00e7\u00e3o, os estudantes assumiram diferentes pap\u00e9is dentro de um processo trabalhista: advogados, reclamante, reclamado, testemunhas e juiz(a). A din\u00e2mica permitiu que os alunos desenvolvessem habilidades essenciais para a atua\u00e7\u00e3o na \u00e1rea, como argumenta\u00e7\u00e3o, dom\u00ednio da linguagem jur\u00eddica, postura profissional e conhecimento processual.<\/p><p>A professora Juliana Giovanetti destaca que atividades como essa s\u00e3o fundamentais para preparar os futuros profissionais do Direito:<\/p><blockquote><p>\u201cMais do que aprender sobre o processo trabalhista, os alunos vivenciam os desafios da pr\u00e1tica forense em um ambiente controlado, com orienta\u00e7\u00e3o e espa\u00e7o para aperfei\u00e7oamento.\u201d<\/p><\/blockquote><p>A UNIFACP segue investindo em metodologias que aproximam o estudante da realidade do mercado de trabalho, garantindo uma forma\u00e7\u00e3o s\u00f3lida e atualizada.<\/p><p><b><img decoding=\"async\" class=\"an1\" draggable=\"false\" src=\"https:\/\/fonts.gstatic.com\/s\/e\/notoemoji\/16.0\/1f4f8\/32.png\" alt=\"\ud83d\udcf8\" data-emoji=\"\ud83d\udcf8\" aria-label=\"\ud83d\udcf8\" \/>\u00a0Para conferir algumas fotos da audi\u00eancia simulada, acesse nosso Instagram:<\/b><\/p><p><a href=\"https:\/\/www.instagram.com\/p\/DJSZWLpS6cO\/?utm_source=ig_web_copy_link&amp;igsh=MzRlODBiNWFlZA==\" target=\"_blank\" rel=\"noopener\" data-saferedirecturl=\"https:\/\/www.google.com\/url?q=https:\/\/www.instagram.com\/p\/DJSZWLpS6cO\/?utm_source%3Dig_web_copy_link%26igsh%3DMzRlODBiNWFlZA%3D%3D&amp;source=gmail&amp;ust=1747244247109000&amp;usg=AOvVaw1Gbg4FCXcm2pIVtIYKUDbq\">https:\/\/www.instagram.com\/p\/<wbr \/>DJSZWLpS6cO\/?utm_source=ig_<wbr \/>web_copy_link&amp;igsh=<wbr \/>MzRlODBiNWFlZA==<\/a><\/p>\t\t\t\t\t\t\t\t<\/div>\n\t\t\t\t<\/div>\n\t\t\t\t\t<\/div>\n\t\t\t\t<\/div>\n\t\t\t\t<\/div>\n\t\t\t\t<\/div>\n\t\t","protected":false},"excerpt":{"rendered":"<p>Estudantes do 7\u00ba semestre de Direito realizam audi\u00eancia simulada trabalhista na UNIFACP Os alunos do 7\u00ba semestre do curso de Direito da UNIFACP participaram de uma audi\u00eancia simulada de Direito do Trabalho, realizada sob a supervis\u00e3o da professora Juliana Giovanetti. A atividade faz parte da proposta pedag\u00f3gica do curso, que valoriza a integra\u00e7\u00e3o entre teoria [&hellip;]<\/p>\n","protected":false},"author":1,"featured_media":2392,"comment_status":"closed","ping_status":"open","sticky":false,"template":"","format":"standard","meta":{"footnotes":""},"categories":[131,135],"tags":[],"class_list":["post-2390","post","type-post","status-publish","format-standard","has-post-thumbnail","hentry","category-direito","category-eventos"],"_links":{"self":[{"href":"https:\/\/unifacp.edu.br\/Home-page\/wp-json\/wp\/v2\/posts\/2390","targetHints":{"allow":["GET"]}}],"collection":[{"href":"https:\/\/unifacp.edu.br\/Home-page\/wp-json\/wp\/v2\/posts"}],"about":[{"href":"https:\/\/unifacp.edu.br\/Home-page\/wp-json\/wp\/v2\/types\/post"}],"author":[{"embeddable":true,"href":"https:\/\/unifacp.edu.br\/Home-page\/wp-json\/wp\/v2\/users\/1"}],"replies":[{"embeddable":true,"href":"https:\/\/unifacp.edu.br\/Home-page\/wp-json\/wp\/v2\/comments?post=2390"}],"version-history":[{"count":0,"href":"https:\/\/unifacp.edu.br\/Home-page\/wp-json\/wp\/v2\/posts\/2390\/revisions"}],"wp:featuredmedia":[{"embeddable":true,"href":"https:\/\/unifacp.edu.br\/Home-page\/wp-json\/wp\/v2\/media\/2392"}],"wp:attachment":[{"href":"https:\/\/unifacp.edu.br\/Home-page\/wp-json\/wp\/v2\/media?parent=2390"}],"wp:term":[{"taxonomy":"category","embeddable":true,"href":"https:\/\/unifacp.edu.br\/Home-page\/wp-json\/wp\/v2\/categories?post=2390"},{"taxonomy":"post_tag","embeddable":true,"href":"https:\/\/unifacp.edu.br\/Home-page\/wp-json\/wp\/v2\/tags?post=2390"}],"curies":[{"name":"wp","href":"https:\/\/api.w.org\/{rel}","templated":true}]}}