{"id":2410,"date":"2025-05-13T17:57:52","date_gmt":"2025-05-13T17:57:52","guid":{"rendered":"https:\/\/unifacp.edu.br\/Home-page\/?p=2410"},"modified":"2025-05-13T17:59:54","modified_gmt":"2025-05-13T17:59:54","slug":"professora-karime-esteves-representa-a-unifacp-na-cerimonia-de-entrega-da-carteira-da-oab-em-paulinia","status":"publish","type":"post","link":"https:\/\/unifacp.edu.br\/Home-page\/professora-karime-esteves-representa-a-unifacp-na-cerimonia-de-entrega-da-carteira-da-oab-em-paulinia\/","title":{"rendered":"Professora Karime Esteves representa a UNIFACP na cerim\u00f4nia de entrega da Carteira da OAB em Paul\u00ednia"},"content":{"rendered":"\t\t<div data-elementor-type=\"wp-post\" data-elementor-id=\"2410\" class=\"elementor elementor-2410\" data-elementor-post-type=\"post\">\n\t\t\t\t<div class=\"elementor-element elementor-element-ca23316 e-con-full e-flex e-con e-parent\" data-id=\"ca23316\" data-element_type=\"container\" data-e-type=\"container\">\n\t\t<div class=\"elementor-element elementor-element-38e211f e-flex e-con-boxed e-con e-child\" data-id=\"38e211f\" data-element_type=\"container\" data-e-type=\"container\">\n\t\t\t\t\t<div class=\"e-con-inner\">\n\t\t\t\t<div class=\"elementor-element elementor-element-e744f64 elementor-widget__width-inherit elementor-widget elementor-widget-image\" data-id=\"e744f64\" data-element_type=\"widget\" data-e-type=\"widget\" data-widget_type=\"image.default\">\n\t\t\t\t<div class=\"elementor-widget-container\">\n\t\t\t\t\t\t\t\t\t\t\t\t\t\t\t<img fetchpriority=\"high\" decoding=\"async\" width=\"1280\" height=\"600\" src=\"https:\/\/unifacp.edu.br\/wp-content\/uploads\/2025\/05\/ARTIGO-SITE-TAMANHO-NOVO-1-1.png\" class=\"attachment-full size-full wp-image-2411\" alt=\"Professora Karime Esteves representa a UNIFACP na cerim\u00f4nia de entrega da Carteira da OAB em Paul\u00ednia\" srcset=\"https:\/\/unifacp.edu.br\/wp-content\/uploads\/2025\/05\/ARTIGO-SITE-TAMANHO-NOVO-1-1.png 1280w, https:\/\/unifacp.edu.br\/wp-content\/uploads\/2025\/05\/ARTIGO-SITE-TAMANHO-NOVO-1-1-300x141.png 300w, https:\/\/unifacp.edu.br\/wp-content\/uploads\/2025\/05\/ARTIGO-SITE-TAMANHO-NOVO-1-1-1024x480.png 1024w, https:\/\/unifacp.edu.br\/wp-content\/uploads\/2025\/05\/ARTIGO-SITE-TAMANHO-NOVO-1-1-768x360.png 768w\" sizes=\"(max-width: 1280px) 100vw, 1280px\" \/>\t\t\t\t\t\t\t\t\t\t\t\t\t\t\t<\/div>\n\t\t\t\t<\/div>\n\t\t\t\t\t<\/div>\n\t\t\t\t<\/div>\n\t\t<div class=\"elementor-element elementor-element-12b6b9f e-flex e-con-boxed e-con e-child\" data-id=\"12b6b9f\" data-element_type=\"container\" data-e-type=\"container\">\n\t\t\t\t\t<div class=\"e-con-inner\">\n\t\t\t\t<div class=\"elementor-element elementor-element-335d038 elementor-widget elementor-widget-text-editor\" data-id=\"335d038\" data-element_type=\"widget\" data-e-type=\"widget\" data-widget_type=\"text-editor.default\">\n\t\t\t\t<div class=\"elementor-widget-container\">\n\t\t\t\t\t\t\t\t\t<p><strong>Professora Karime Esteves representa a UNIFACP na cerim\u00f4nia de entrega da Carteira da OAB em Paul\u00ednia<\/strong><\/p><p>No \u00faltimo dia 10 de maio, a UNIFACP teve a honra de ser representada pela Prof.\u00aa Dr.\u00aa Karime Esteves na solenidade conjunta da C\u00e2mara Municipal de Paul\u00ednia e da OAB Paul\u00ednia, em que foram entregues as carteiras de advogado aos novos profissionais. O evento reuniu rec\u00e9m-empossados que agora d\u00e3o in\u00edcio formal \u00e0 carreira jur\u00eddica.<\/p><p>Durante sua participa\u00e7\u00e3o, a Prof.\u00aa Karime enfatizou os valores que orientam nossa institui\u00e7\u00e3o \u2014 \u00e9tica, excel\u00eancia acad\u00eamica e compromisso social \u2014 e felicitou cada um dos formandos, incluindo diversos egressos da UNIFACP que confiaram em nossa forma\u00e7\u00e3o para dar este importante passo.<\/p><p>\u201c\u00c9 uma grande alegria ver nossos ex-alunos assumindo o compromisso de defender a justi\u00e7a e zelar pelos direitos de toda a sociedade. Na UNIFACP, buscamos ir al\u00e9m da teoria, desenvolvendo no futuro advogado a sensibilidade e a responsabilidade imprescind\u00edveis \u00e0 advocacia contempor\u00e2nea\u201d, destacou Karime Esteves em seu discurso.<\/p><p>A presen\u00e7a da UNIFACP em cerim\u00f4nias como esta refor\u00e7a nosso compromisso com a qualidade do ensino e a prepara\u00e7\u00e3o pr\u00e1tica dos estudantes. Parabenizamos todos os novos advogados e reafirmamos nosso apoio em cada etapa de suas trajet\u00f3rias profissionais.<br \/><br \/><b>Veja algumas fotos em nosso Instagram, clicando no link abaixo:<br \/><br \/><a href=\"https:\/\/www.instagram.com\/p\/DJjru4xOfi2\/?utm_source=ig_web_copy_link&amp;igsh=MzRlODBiNWFlZA==\" target=\"_blank\" rel=\"noopener\" data-saferedirecturl=\"https:\/\/www.google.com\/url?q=https:\/\/www.instagram.com\/p\/DJjru4xOfi2\/?utm_source%3Dig_web_copy_link%26igsh%3DMzRlODBiNWFlZA%3D%3D&amp;source=gmail&amp;ust=1747244247108000&amp;usg=AOvVaw1NVGz1TgFql_LWrvUXSeRr\">https:\/\/www.instagram.com\/p\/<wbr \/>DJjru4xOfi2\/?utm_source=ig_<wbr \/>web_copy_link&amp;igsh=<wbr \/>MzRlODBiNWFlZA==<\/a><\/b><\/p>\t\t\t\t\t\t\t\t<\/div>\n\t\t\t\t<\/div>\n\t\t\t\t\t<\/div>\n\t\t\t\t<\/div>\n\t\t\t\t<\/div>\n\t\t\t\t<\/div>\n\t\t","protected":false},"excerpt":{"rendered":"<p>Professora Karime Esteves representa a UNIFACP na cerim\u00f4nia de entrega da Carteira da OAB em Paul\u00ednia No \u00faltimo dia 10 de maio, a UNIFACP teve a honra de ser representada pela Prof.\u00aa Dr.\u00aa Karime Esteves na solenidade conjunta da C\u00e2mara Municipal de Paul\u00ednia e da OAB Paul\u00ednia, em que foram entregues as carteiras de advogado [&hellip;]<\/p>\n","protected":false},"author":1,"featured_media":2412,"comment_status":"closed","ping_status":"open","sticky":false,"template":"","format":"standard","meta":{"footnotes":""},"categories":[135,131,72],"tags":[],"class_list":["post-2410","post","type-post","status-publish","format-standard","has-post-thumbnail","hentry","category-eventos","category-direito","category-direito-publico"],"_links":{"self":[{"href":"https:\/\/unifacp.edu.br\/Home-page\/wp-json\/wp\/v2\/posts\/2410","targetHints":{"allow":["GET"]}}],"collection":[{"href":"https:\/\/unifacp.edu.br\/Home-page\/wp-json\/wp\/v2\/posts"}],"about":[{"href":"https:\/\/unifacp.edu.br\/Home-page\/wp-json\/wp\/v2\/types\/post"}],"author":[{"embeddable":true,"href":"https:\/\/unifacp.edu.br\/Home-page\/wp-json\/wp\/v2\/users\/1"}],"replies":[{"embeddable":true,"href":"https:\/\/unifacp.edu.br\/Home-page\/wp-json\/wp\/v2\/comments?post=2410"}],"version-history":[{"count":0,"href":"https:\/\/unifacp.edu.br\/Home-page\/wp-json\/wp\/v2\/posts\/2410\/revisions"}],"wp:featuredmedia":[{"embeddable":true,"href":"https:\/\/unifacp.edu.br\/Home-page\/wp-json\/wp\/v2\/media\/2412"}],"wp:attachment":[{"href":"https:\/\/unifacp.edu.br\/Home-page\/wp-json\/wp\/v2\/media?parent=2410"}],"wp:term":[{"taxonomy":"category","embeddable":true,"href":"https:\/\/unifacp.edu.br\/Home-page\/wp-json\/wp\/v2\/categories?post=2410"},{"taxonomy":"post_tag","embeddable":true,"href":"https:\/\/unifacp.edu.br\/Home-page\/wp-json\/wp\/v2\/tags?post=2410"}],"curies":[{"name":"wp","href":"https:\/\/api.w.org\/{rel}","templated":true}]}}