{"id":2417,"date":"2025-05-13T18:10:34","date_gmt":"2025-05-13T18:10:34","guid":{"rendered":"https:\/\/unifacp.edu.br\/Home-page\/?p=2417"},"modified":"2025-05-13T18:12:55","modified_gmt":"2025-05-13T18:12:55","slug":"unifacp-reforca-compromisso-com-a-inovacao-no-ciclo-de-palestras-confea-crea-sp-e-convida-comunidade-para-proxima-etapa","status":"publish","type":"post","link":"https:\/\/unifacp.edu.br\/Home-page\/unifacp-reforca-compromisso-com-a-inovacao-no-ciclo-de-palestras-confea-crea-sp-e-convida-comunidade-para-proxima-etapa\/","title":{"rendered":"UNIFACP refor\u00e7a compromisso com a inova\u00e7\u00e3o no Ciclo de Palestras CONFEA\/CREA-SP e convida comunidade para pr\u00f3xima etapa"},"content":{"rendered":"\t\t<div data-elementor-type=\"wp-post\" data-elementor-id=\"2417\" class=\"elementor elementor-2417\" data-elementor-post-type=\"post\">\n\t\t\t\t<div class=\"elementor-element elementor-element-1917634 e-con-full e-flex e-con e-parent\" data-id=\"1917634\" data-element_type=\"container\" data-e-type=\"container\">\n\t\t<div class=\"elementor-element elementor-element-7178aec e-flex e-con-boxed e-con e-child\" data-id=\"7178aec\" data-element_type=\"container\" data-e-type=\"container\">\n\t\t\t\t\t<div class=\"e-con-inner\">\n\t\t\t\t<div class=\"elementor-element elementor-element-54201a8 elementor-widget elementor-widget-image\" data-id=\"54201a8\" data-element_type=\"widget\" data-e-type=\"widget\" data-widget_type=\"image.default\">\n\t\t\t\t<div class=\"elementor-widget-container\">\n\t\t\t\t\t\t\t\t\t\t\t\t\t\t\t<img fetchpriority=\"high\" decoding=\"async\" width=\"1280\" height=\"600\" src=\"https:\/\/unifacp.edu.br\/wp-content\/uploads\/2025\/05\/ARTIGO-SITE-TAMANHO-NOVO-2-1.png\" class=\"attachment-full size-full wp-image-2426\" alt=\"UNIFACP refor\u00e7a compromisso com a inova\u00e7\u00e3o no Ciclo de Palestras CONFEA\/CREA-SP e convida comunidade para pr\u00f3xima etapa\" srcset=\"https:\/\/unifacp.edu.br\/wp-content\/uploads\/2025\/05\/ARTIGO-SITE-TAMANHO-NOVO-2-1.png 1280w, https:\/\/unifacp.edu.br\/wp-content\/uploads\/2025\/05\/ARTIGO-SITE-TAMANHO-NOVO-2-1-300x141.png 300w, https:\/\/unifacp.edu.br\/wp-content\/uploads\/2025\/05\/ARTIGO-SITE-TAMANHO-NOVO-2-1-1024x480.png 1024w, https:\/\/unifacp.edu.br\/wp-content\/uploads\/2025\/05\/ARTIGO-SITE-TAMANHO-NOVO-2-1-768x360.png 768w\" sizes=\"(max-width: 1280px) 100vw, 1280px\" \/>\t\t\t\t\t\t\t\t\t\t\t\t\t\t\t<\/div>\n\t\t\t\t<\/div>\n\t\t\t\t\t<\/div>\n\t\t\t\t<\/div>\n\t\t<div class=\"elementor-element elementor-element-c396fe4 e-flex e-con-boxed e-con e-child\" data-id=\"c396fe4\" data-element_type=\"container\" data-e-type=\"container\">\n\t\t\t\t\t<div class=\"e-con-inner\">\n\t\t\t\t<div class=\"elementor-element elementor-element-c84f1fb elementor-widget elementor-widget-text-editor\" data-id=\"c84f1fb\" data-element_type=\"widget\" data-e-type=\"widget\" data-widget_type=\"text-editor.default\">\n\t\t\t\t<div class=\"elementor-widget-container\">\n\t\t\t\t\t\t\t\t\t<p><strong>UNIFACP refor\u00e7a compromisso com a inova\u00e7\u00e3o no Ciclo de Palestras CONFEA\/CREA-SP e convida comunidade para pr\u00f3xima etapa<\/strong><\/p><p>No dia\u00a0<strong>7 de maio de 2025<\/strong>, a UNIFACP participou ativamente do Ciclo de Palestras promovido pelo CONFEA (Conselho Federal de Engenharia e Agronomia) e pelo CREA-SP, com o apoio da M\u00fatua SP e da AEAP. O pr\u00f3-reitor financeiro e coordenador institucional,\u00a0<strong>Prof. Maur\u00edcio Lopes de Souza<\/strong>, abriu as atividades com uma mensagem sobre a import\u00e2ncia da excel\u00eancia acad\u00eamica e da inova\u00e7\u00e3o na forma\u00e7\u00e3o de engenheiros. Em seguida, o\u00a0<strong>Prof. Paulo Bianco<\/strong>, engenheiro e docente da UNIFACP, apresentou uma palestra aprofundada sobre\u00a0<strong>Intelig\u00eancia Artificial em Cidades Inteligentes<\/strong>, abordando tanto os fundamentos te\u00f3ricos da IA quanto exemplos pr\u00e1ticos de aplica\u00e7\u00e3o em mobilidade urbana, monitoramento ambiental e seguran\u00e7a.<\/p><p>Agora, o Ciclo de Palestras continua\u00a0<strong>na UNIFACP<\/strong>, no dia\u00a0<strong>22 de maio<\/strong>, em evento\u00a0<strong>aberto ao p\u00fablico<\/strong>\u00a0e com formato h\u00edbrido. Na ocasi\u00e3o, ser\u00e3o exibidos v\u00eddeos institucionais do Sistema CONFEA\/CREA\/M\u00fatua, haver\u00e1 uma nova palavra do Prof. Maur\u00edcio Lopes e a palestra do Prof. Paulo Bianco ser\u00e1 complementada por um momento de debate com autoridades locais e representantes das entidades parceiras. O encerramento ficar\u00e1 a cargo de lideran\u00e7as da AEAP, refor\u00e7ando o car\u00e1ter colaborativo deste ciclo.<\/p><p>N\u00e3o perca esta oportunidade de se atualizar, fazer networking e conhecer de perto as iniciativas que est\u00e3o moldando o futuro da engenharia. Para detalhes sobre hor\u00e1rios, transmiss\u00e3o e credenciamento, acesse nosso Instagram:<br \/><b><br \/><\/b><\/p><p><b>&#8212;&gt;\u00a0<a href=\"https:\/\/www.instagram.com\/p\/DJkgEcXyyPy\/?utm_source=ig_web_copy_link&amp;igsh=MzRlODBiNWFlZA==\" target=\"_blank\" rel=\"noopener\" data-saferedirecturl=\"https:\/\/www.google.com\/url?q=http:\/\/instagram.com\/unifacp&amp;source=gmail&amp;ust=1747244247106000&amp;usg=AOvVaw1vWkaA74fW71Sd6WeJBers\">instagram.com\/unifacp<\/a>\u00a0&lt;&#8212;-<\/b><\/p><p>\u00a0<\/p><p>Venha colaborar com a constru\u00e7\u00e3o de solu\u00e7\u00f5es inteligentes para nossos desafios urbanos!<\/p>\t\t\t\t\t\t\t\t<\/div>\n\t\t\t\t<\/div>\n\t\t\t\t\t<\/div>\n\t\t\t\t<\/div>\n\t\t\t\t<\/div>\n\t\t\t\t<\/div>\n\t\t","protected":false},"excerpt":{"rendered":"<p>UNIFACP refor\u00e7a compromisso com a inova\u00e7\u00e3o no Ciclo de Palestras CONFEA\/CREA-SP e convida comunidade para pr\u00f3xima etapa No dia\u00a07 de maio de 2025, a UNIFACP participou ativamente do Ciclo de Palestras promovido pelo CONFEA (Conselho Federal de Engenharia e Agronomia) e pelo CREA-SP, com o apoio da M\u00fatua SP e da AEAP. O pr\u00f3-reitor financeiro [&hellip;]<\/p>\n","protected":false},"author":1,"featured_media":2418,"comment_status":"closed","ping_status":"open","sticky":false,"template":"","format":"standard","meta":{"footnotes":""},"categories":[135,128,127,73,126,125],"tags":[],"class_list":["post-2417","post","type-post","status-publish","format-standard","has-post-thumbnail","hentry","category-eventos","category-engenharia-civil","category-engenharia-de-producao","category-engenharia-de-seguranca-do-trabalho","category-engenharia-mecanica","category-engenharia-quimica"],"_links":{"self":[{"href":"https:\/\/unifacp.edu.br\/Home-page\/wp-json\/wp\/v2\/posts\/2417","targetHints":{"allow":["GET"]}}],"collection":[{"href":"https:\/\/unifacp.edu.br\/Home-page\/wp-json\/wp\/v2\/posts"}],"about":[{"href":"https:\/\/unifacp.edu.br\/Home-page\/wp-json\/wp\/v2\/types\/post"}],"author":[{"embeddable":true,"href":"https:\/\/unifacp.edu.br\/Home-page\/wp-json\/wp\/v2\/users\/1"}],"replies":[{"embeddable":true,"href":"https:\/\/unifacp.edu.br\/Home-page\/wp-json\/wp\/v2\/comments?post=2417"}],"version-history":[{"count":0,"href":"https:\/\/unifacp.edu.br\/Home-page\/wp-json\/wp\/v2\/posts\/2417\/revisions"}],"wp:featuredmedia":[{"embeddable":true,"href":"https:\/\/unifacp.edu.br\/Home-page\/wp-json\/wp\/v2\/media\/2418"}],"wp:attachment":[{"href":"https:\/\/unifacp.edu.br\/Home-page\/wp-json\/wp\/v2\/media?parent=2417"}],"wp:term":[{"taxonomy":"category","embeddable":true,"href":"https:\/\/unifacp.edu.br\/Home-page\/wp-json\/wp\/v2\/categories?post=2417"},{"taxonomy":"post_tag","embeddable":true,"href":"https:\/\/unifacp.edu.br\/Home-page\/wp-json\/wp\/v2\/tags?post=2417"}],"curies":[{"name":"wp","href":"https:\/\/api.w.org\/{rel}","templated":true}]}}