{"id":2453,"date":"2025-05-16T15:34:33","date_gmt":"2025-05-16T15:34:33","guid":{"rendered":"https:\/\/unifacp.edu.br\/Home-page\/?p=2453"},"modified":"2025-05-16T15:41:27","modified_gmt":"2025-05-16T15:41:27","slug":"palestra-etica-e-inteligencia-artificial-reune-grande-publico-no-auditorio-do-cosmos","status":"publish","type":"post","link":"https:\/\/unifacp.edu.br\/Home-page\/palestra-etica-e-inteligencia-artificial-reune-grande-publico-no-auditorio-do-cosmos\/","title":{"rendered":"Palestra \u201c\u00c9tica e Intelig\u00eancia Artificial\u201d re\u00fane grande p\u00fablico no audit\u00f3rio do Cosmos"},"content":{"rendered":"\t\t<div data-elementor-type=\"wp-post\" data-elementor-id=\"2453\" class=\"elementor elementor-2453\" data-elementor-post-type=\"post\">\n\t\t\t\t<div class=\"elementor-element elementor-element-d590ea7 e-con-full e-flex e-con e-parent\" data-id=\"d590ea7\" data-element_type=\"container\" data-e-type=\"container\">\n\t\t<div class=\"elementor-element elementor-element-6738b2b e-con-full e-flex e-con e-child\" data-id=\"6738b2b\" data-element_type=\"container\" data-e-type=\"container\">\n\t\t\t\t<div class=\"elementor-element elementor-element-afb5405 elementor-widget elementor-widget-image\" data-id=\"afb5405\" data-element_type=\"widget\" data-e-type=\"widget\" data-widget_type=\"image.default\">\n\t\t\t\t<div class=\"elementor-widget-container\">\n\t\t\t\t\t\t\t\t\t\t\t\t\t\t\t<img fetchpriority=\"high\" decoding=\"async\" width=\"1280\" height=\"600\" src=\"https:\/\/unifacp.edu.br\/wp-content\/uploads\/2025\/05\/ARTIGO-SITE-TAMANHO-NOVO-3.png\" class=\"attachment-full size-full wp-image-2456\" alt=\"Palestra \u201c\u00c9tica e Intelig\u00eancia Artificial\u201d re\u00fane grande p\u00fablico no audit\u00f3rio do Cosmos Banner\" srcset=\"https:\/\/unifacp.edu.br\/wp-content\/uploads\/2025\/05\/ARTIGO-SITE-TAMANHO-NOVO-3.png 1280w, https:\/\/unifacp.edu.br\/wp-content\/uploads\/2025\/05\/ARTIGO-SITE-TAMANHO-NOVO-3-300x141.png 300w, https:\/\/unifacp.edu.br\/wp-content\/uploads\/2025\/05\/ARTIGO-SITE-TAMANHO-NOVO-3-1024x480.png 1024w, https:\/\/unifacp.edu.br\/wp-content\/uploads\/2025\/05\/ARTIGO-SITE-TAMANHO-NOVO-3-768x360.png 768w\" sizes=\"(max-width: 1280px) 100vw, 1280px\" \/>\t\t\t\t\t\t\t\t\t\t\t\t\t\t\t<\/div>\n\t\t\t\t<\/div>\n\t\t\t\t<\/div>\n\t\t<div class=\"elementor-element elementor-element-2128178 e-flex e-con-boxed e-con e-child\" data-id=\"2128178\" data-element_type=\"container\" data-e-type=\"container\">\n\t\t\t\t\t<div class=\"e-con-inner\">\n\t\t\t\t<div class=\"elementor-element elementor-element-a61e3d1 elementor-widget elementor-widget-text-editor\" data-id=\"a61e3d1\" data-element_type=\"widget\" data-e-type=\"widget\" data-widget_type=\"text-editor.default\">\n\t\t\t\t<div class=\"elementor-widget-container\">\n\t\t\t\t\t\t\t\t\t<h2>Palestra \u201c\u00c9tica e Intelig\u00eancia Artificial\u201d re\u00fane grande p\u00fablico no audit\u00f3rio do Cosmos<\/h2><p>Na \u00faltima quarta-feira (14), a UNIFACP promoveu a palestra\u00a0<strong>\u201c\u00c9tica e Intelig\u00eancia Artificial\u201d<\/strong>, ministrada pela pesquisadora\u00a0<strong>Melissa S. Vedovello<\/strong>, do CNPq e LANTEC\/Unicamp. O evento foi um sucesso absoluto e reuniu um p\u00fablico expressivo no\u00a0<strong>audit\u00f3rio do Cosmos<\/strong>, que ficou completamente lotado.<\/p><p>A abertura foi conduzida pela\u00a0<strong>Prof\u00aa Neyde<\/strong>, que contextualizou a import\u00e2ncia de refletirmos sobre o uso da tecnologia nas diferentes \u00e1reas profissionais. Em seguida, a palestrante trouxe uma abordagem acess\u00edvel e instigante sobre os impactos da intelig\u00eancia artificial na sociedade, destacando os desafios \u00e9ticos, as possibilidades de inclus\u00e3o e a necessidade de um olhar cr\u00edtico e respons\u00e1vel sobre o tema.<\/p><p>Estiveram presentes alunos e professores de\u00a0<strong>Pedagogia, Fisioterapia, Psicologia, Engenharias<\/strong>\u00a0e outros cursos da institui\u00e7\u00e3o, em uma noite marcada por muito aprendizado, troca de ideias e participa\u00e7\u00e3o ativa do p\u00fablico.<\/p><p>A UNIFACP reafirma seu compromisso em promover eventos que dialoguem com as transforma\u00e7\u00f5es do mundo contempor\u00e2neo e incentivem a forma\u00e7\u00e3o \u00e9tica, cr\u00edtica e atualizada de seus estudantes.<\/p><p>Para conferir as fotos da palestra, <strong>acesse nosso Instagram:\u00a0 <a href=\"https:\/\/www.instagram.com\/p\/DJsAuhJsJBc\/?utm_source=ig_web_copy_link&amp;igsh=MzRlODBiNWFlZA==\" target=\"_blank\" rel=\"noopener\">CLIQUE AQUI!<\/a><\/strong><\/p>\t\t\t\t\t\t\t\t<\/div>\n\t\t\t\t<\/div>\n\t\t\t\t\t<\/div>\n\t\t\t\t<\/div>\n\t\t\t\t<\/div>\n\t\t\t\t<\/div>\n\t\t","protected":false},"excerpt":{"rendered":"<p>Palestra \u201c\u00c9tica e Intelig\u00eancia Artificial\u201d re\u00fane grande p\u00fablico no audit\u00f3rio do Cosmos Na \u00faltima quarta-feira (14), a UNIFACP promoveu a palestra\u00a0\u201c\u00c9tica e Intelig\u00eancia Artificial\u201d, ministrada pela pesquisadora\u00a0Melissa S. Vedovello, do CNPq e LANTEC\/Unicamp. O evento foi um sucesso absoluto e reuniu um p\u00fablico expressivo no\u00a0audit\u00f3rio do Cosmos, que ficou completamente lotado. A abertura foi conduzida [&hellip;]<\/p>\n","protected":false},"author":1,"featured_media":2454,"comment_status":"closed","ping_status":"open","sticky":false,"template":"","format":"standard","meta":{"footnotes":""},"categories":[135,113,87,120],"tags":[],"class_list":["post-2453","post","type-post","status-publish","format-standard","has-post-thumbnail","hentry","category-eventos","category-pedagogia","category-pedagogia-ead","category-psicologia"],"_links":{"self":[{"href":"https:\/\/unifacp.edu.br\/Home-page\/wp-json\/wp\/v2\/posts\/2453","targetHints":{"allow":["GET"]}}],"collection":[{"href":"https:\/\/unifacp.edu.br\/Home-page\/wp-json\/wp\/v2\/posts"}],"about":[{"href":"https:\/\/unifacp.edu.br\/Home-page\/wp-json\/wp\/v2\/types\/post"}],"author":[{"embeddable":true,"href":"https:\/\/unifacp.edu.br\/Home-page\/wp-json\/wp\/v2\/users\/1"}],"replies":[{"embeddable":true,"href":"https:\/\/unifacp.edu.br\/Home-page\/wp-json\/wp\/v2\/comments?post=2453"}],"version-history":[{"count":0,"href":"https:\/\/unifacp.edu.br\/Home-page\/wp-json\/wp\/v2\/posts\/2453\/revisions"}],"wp:featuredmedia":[{"embeddable":true,"href":"https:\/\/unifacp.edu.br\/Home-page\/wp-json\/wp\/v2\/media\/2454"}],"wp:attachment":[{"href":"https:\/\/unifacp.edu.br\/Home-page\/wp-json\/wp\/v2\/media?parent=2453"}],"wp:term":[{"taxonomy":"category","embeddable":true,"href":"https:\/\/unifacp.edu.br\/Home-page\/wp-json\/wp\/v2\/categories?post=2453"},{"taxonomy":"post_tag","embeddable":true,"href":"https:\/\/unifacp.edu.br\/Home-page\/wp-json\/wp\/v2\/tags?post=2453"}],"curies":[{"name":"wp","href":"https:\/\/api.w.org\/{rel}","templated":true}]}}