{"id":2639,"date":"2025-05-26T16:58:58","date_gmt":"2025-05-26T16:58:58","guid":{"rendered":"https:\/\/unifacp.edu.br\/Home-page\/?p=2639"},"modified":"2025-05-26T17:03:08","modified_gmt":"2025-05-26T17:03:08","slug":"ciclo-de-palestras-da-unifacp-debate-inteligencia-artificial-e-cidades-inteligentes","status":"publish","type":"post","link":"https:\/\/unifacp.edu.br\/Home-page\/ciclo-de-palestras-da-unifacp-debate-inteligencia-artificial-e-cidades-inteligentes\/","title":{"rendered":"Ciclo de Palestras da UNIFACP debate Intelig\u00eancia Artificial e Cidades Inteligentes"},"content":{"rendered":"\t\t<div data-elementor-type=\"wp-post\" data-elementor-id=\"2639\" class=\"elementor elementor-2639\" data-elementor-post-type=\"post\">\n\t\t\t\t<div class=\"elementor-element elementor-element-5d58b05 e-con-full e-flex e-con e-parent\" data-id=\"5d58b05\" data-element_type=\"container\" data-e-type=\"container\">\n\t\t<div class=\"elementor-element elementor-element-2b70f82 e-con-full e-flex e-con e-child\" data-id=\"2b70f82\" data-element_type=\"container\" data-e-type=\"container\">\n\t\t\t\t<div class=\"elementor-element elementor-element-47e28a6 elementor-widget elementor-widget-image\" data-id=\"47e28a6\" data-element_type=\"widget\" data-e-type=\"widget\" data-widget_type=\"image.default\">\n\t\t\t\t<div class=\"elementor-widget-container\">\n\t\t\t\t\t\t\t\t\t\t\t\t\t\t\t<img fetchpriority=\"high\" decoding=\"async\" width=\"1280\" height=\"600\" src=\"https:\/\/unifacp.edu.br\/wp-content\/uploads\/2025\/05\/ARTIGO-SITE-TAMANHO-NOVO-10.png\" class=\"attachment-full size-full wp-image-2641\" alt=\"Ciclo de Palestras da UNIFACP debate Intelig\u00eancia Artificial e Cidades Inteligentes\" srcset=\"https:\/\/unifacp.edu.br\/wp-content\/uploads\/2025\/05\/ARTIGO-SITE-TAMANHO-NOVO-10.png 1280w, https:\/\/unifacp.edu.br\/wp-content\/uploads\/2025\/05\/ARTIGO-SITE-TAMANHO-NOVO-10-300x141.png 300w, https:\/\/unifacp.edu.br\/wp-content\/uploads\/2025\/05\/ARTIGO-SITE-TAMANHO-NOVO-10-1024x480.png 1024w, https:\/\/unifacp.edu.br\/wp-content\/uploads\/2025\/05\/ARTIGO-SITE-TAMANHO-NOVO-10-768x360.png 768w\" sizes=\"(max-width: 1280px) 100vw, 1280px\" \/>\t\t\t\t\t\t\t\t\t\t\t\t\t\t\t<\/div>\n\t\t\t\t<\/div>\n\t\t\t\t<\/div>\n\t\t<div class=\"elementor-element elementor-element-a73a6d9 e-flex e-con-boxed e-con e-child\" data-id=\"a73a6d9\" data-element_type=\"container\" data-e-type=\"container\">\n\t\t\t\t\t<div class=\"e-con-inner\">\n\t\t\t\t<div class=\"elementor-element elementor-element-8fcda6d elementor-widget elementor-widget-text-editor\" data-id=\"8fcda6d\" data-element_type=\"widget\" data-e-type=\"widget\" data-widget_type=\"text-editor.default\">\n\t\t\t\t<div class=\"elementor-widget-container\">\n\t\t\t\t\t\t\t\t\t<h3>Ciclo de Palestras da UNIFACP debate Intelig\u00eancia Artificial e Cidades Inteligentes<\/h3><p>Na \u00faltima\u00a0<strong>quinta-feira, 22 de maio<\/strong>, a UNIFACP promoveu um evento de grande relev\u00e2ncia acad\u00eamica e profissional: o\u00a0<strong>Ciclo de Palestras<\/strong>\u00a0com o tema<br \/><strong>\u201cIntelig\u00eancia Artificial, Cidades Inteligentes e o Sistema CONFEA\/CREA\/M\u00daTUA\u201d<\/strong>.<\/p><p>O encontro reuniu alunos, professores, profissionais da \u00e1rea tecnol\u00f3gica e autoridades p\u00fablicas no audit\u00f3rio da institui\u00e7\u00e3o para uma noite de intensas reflex\u00f5es sobre o presente e o futuro da engenharia no Brasil.<\/p><h4>\u00a0Destaques da programa\u00e7\u00e3o:<\/h4><ul><li>\u00a0<strong>Abertura<\/strong>\u00a0com o Eng.\u00a0<strong>Valdir Zarpelon<\/strong>, gerente do CREA-SP \u2013 GR2, que apresentou os v\u00eddeos institucionais do Sistema CONFEA\/CREA\/M\u00daTUA;<br \/>\u00a0<\/li><li><strong>Boas-vindas institucionais<\/strong>\u00a0com o Prof.\u00a0<strong>Mauricio Lopes de Souza<\/strong>, da UNIFACP;<br \/>\u00a0<\/li><li><strong>Participa\u00e7\u00e3o especial<\/strong>\u00a0do\u00a0<strong>Presidente da C\u00e2mara Municipal de Paul\u00ednia, Pedro Bernarde<\/strong>, representando as autoridades locais;<br \/>\u00a0<\/li><li><strong>Palestra t\u00e9cnica principal<\/strong>\u00a0com o Eng.\u00a0<strong>Paulo Bianco<\/strong>, abordando aplica\u00e7\u00f5es pr\u00e1ticas da intelig\u00eancia artificial em cidades inteligentes;<br \/>\u00a0<\/li><li><strong>Encerramento<\/strong>\u00a0com o Eng.\u00a0<strong>Nivaldo Armando Quintal<\/strong>, presidente da AEAP \u2013 Associa\u00e7\u00e3o de Engenheiros e Agr\u00f4nomos de Paul\u00ednia.<\/li><\/ul><p>\u00a0<\/p><p>O evento contou com a participa\u00e7\u00e3o ativa da comunidade acad\u00eamica e refor\u00e7ou o compromisso da UNIFACP em proporcionar momentos de aprendizado, inova\u00e7\u00e3o e integra\u00e7\u00e3o entre ensino superior, setor p\u00fablico e entidades profissionais.<\/p><p>Agradecemos a todos que prestigiaram essa noite memor\u00e1vel e, em especial, aos nossos parceiros:\u00a0<strong>CONFEA, CREA-SP, M\u00daTUA e AEAP<\/strong>.<\/p><p><i><b>Acesse nosso instagram para fotos:\u00a0<\/b><a href=\"http:\/\/www.instagram.com\/p\/DKH1UlFt76T\" target=\"_blank\" rel=\"noopener\" data-saferedirecturl=\"https:\/\/www.google.com\/url?q=http:\/\/www.instagram.com\/p\/DKH1UlFt76T&amp;source=gmail&amp;ust=1748365052607000&amp;usg=AOvVaw3yZQcbz_hFyfXYkVQ7QlNO\">www.instagram.com\/p\/<wbr \/>DKH1UlFt76T<\/a><\/i><\/p>\t\t\t\t\t\t\t\t<\/div>\n\t\t\t\t<\/div>\n\t\t\t\t\t<\/div>\n\t\t\t\t<\/div>\n\t\t\t\t<\/div>\n\t\t\t\t<\/div>\n\t\t","protected":false},"excerpt":{"rendered":"<p>Ciclo de Palestras da UNIFACP debate Intelig\u00eancia Artificial e Cidades Inteligentes Na \u00faltima\u00a0quinta-feira, 22 de maio, a UNIFACP promoveu um evento de grande relev\u00e2ncia acad\u00eamica e profissional: o\u00a0Ciclo de Palestras\u00a0com o tema\u201cIntelig\u00eancia Artificial, Cidades Inteligentes e o Sistema CONFEA\/CREA\/M\u00daTUA\u201d. O encontro reuniu alunos, professores, profissionais da \u00e1rea tecnol\u00f3gica e autoridades p\u00fablicas no audit\u00f3rio da institui\u00e7\u00e3o [&hellip;]<\/p>\n","protected":false},"author":1,"featured_media":2640,"comment_status":"closed","ping_status":"open","sticky":false,"template":"","format":"standard","meta":{"footnotes":""},"categories":[135],"tags":[],"class_list":["post-2639","post","type-post","status-publish","format-standard","has-post-thumbnail","hentry","category-eventos"],"_links":{"self":[{"href":"https:\/\/unifacp.edu.br\/Home-page\/wp-json\/wp\/v2\/posts\/2639","targetHints":{"allow":["GET"]}}],"collection":[{"href":"https:\/\/unifacp.edu.br\/Home-page\/wp-json\/wp\/v2\/posts"}],"about":[{"href":"https:\/\/unifacp.edu.br\/Home-page\/wp-json\/wp\/v2\/types\/post"}],"author":[{"embeddable":true,"href":"https:\/\/unifacp.edu.br\/Home-page\/wp-json\/wp\/v2\/users\/1"}],"replies":[{"embeddable":true,"href":"https:\/\/unifacp.edu.br\/Home-page\/wp-json\/wp\/v2\/comments?post=2639"}],"version-history":[{"count":0,"href":"https:\/\/unifacp.edu.br\/Home-page\/wp-json\/wp\/v2\/posts\/2639\/revisions"}],"wp:featuredmedia":[{"embeddable":true,"href":"https:\/\/unifacp.edu.br\/Home-page\/wp-json\/wp\/v2\/media\/2640"}],"wp:attachment":[{"href":"https:\/\/unifacp.edu.br\/Home-page\/wp-json\/wp\/v2\/media?parent=2639"}],"wp:term":[{"taxonomy":"category","embeddable":true,"href":"https:\/\/unifacp.edu.br\/Home-page\/wp-json\/wp\/v2\/categories?post=2639"},{"taxonomy":"post_tag","embeddable":true,"href":"https:\/\/unifacp.edu.br\/Home-page\/wp-json\/wp\/v2\/tags?post=2639"}],"curies":[{"name":"wp","href":"https:\/\/api.w.org\/{rel}","templated":true}]}}