{"id":2661,"date":"2025-05-26T17:36:13","date_gmt":"2025-05-26T17:36:13","guid":{"rendered":"https:\/\/unifacp.edu.br\/Home-page\/?p=2661"},"modified":"2025-05-26T17:38:51","modified_gmt":"2025-05-26T17:38:51","slug":"alunos-do-curso-de-direito-da-unifacp-realizam-ciclo-de-palestras-aberto-a-comunidade","status":"publish","type":"post","link":"https:\/\/unifacp.edu.br\/Home-page\/alunos-do-curso-de-direito-da-unifacp-realizam-ciclo-de-palestras-aberto-a-comunidade\/","title":{"rendered":"Alunos do Curso de Direito da UNIFACP realizam ciclo de palestras aberto \u00e0 comunidade"},"content":{"rendered":"\t\t<div data-elementor-type=\"wp-post\" data-elementor-id=\"2661\" class=\"elementor elementor-2661\" data-elementor-post-type=\"post\">\n\t\t\t\t<div class=\"elementor-element elementor-element-4ea733f e-con-full e-flex e-con e-parent\" data-id=\"4ea733f\" data-element_type=\"container\" data-e-type=\"container\">\n\t\t<div class=\"elementor-element elementor-element-aef90e9 e-con-full e-flex e-con e-child\" data-id=\"aef90e9\" data-element_type=\"container\" data-e-type=\"container\">\n\t\t\t\t<div class=\"elementor-element elementor-element-deaa147 elementor-widget elementor-widget-image\" data-id=\"deaa147\" data-element_type=\"widget\" data-e-type=\"widget\" data-widget_type=\"image.default\">\n\t\t\t\t<div class=\"elementor-widget-container\">\n\t\t\t\t\t\t\t\t\t\t\t\t\t\t\t<img fetchpriority=\"high\" decoding=\"async\" width=\"1280\" height=\"600\" src=\"https:\/\/unifacp.edu.br\/wp-content\/uploads\/2025\/05\/ARTIGO-SITE-TAMANHO-NOVO-1-3.png\" class=\"attachment-full size-full wp-image-2663\" alt=\"Alunos do Curso de Direito da UNIFACP realizam ciclo de palestras aberto \u00e0 comunidade\" srcset=\"https:\/\/unifacp.edu.br\/wp-content\/uploads\/2025\/05\/ARTIGO-SITE-TAMANHO-NOVO-1-3.png 1280w, https:\/\/unifacp.edu.br\/wp-content\/uploads\/2025\/05\/ARTIGO-SITE-TAMANHO-NOVO-1-3-300x141.png 300w, https:\/\/unifacp.edu.br\/wp-content\/uploads\/2025\/05\/ARTIGO-SITE-TAMANHO-NOVO-1-3-1024x480.png 1024w, https:\/\/unifacp.edu.br\/wp-content\/uploads\/2025\/05\/ARTIGO-SITE-TAMANHO-NOVO-1-3-768x360.png 768w\" sizes=\"(max-width: 1280px) 100vw, 1280px\" \/>\t\t\t\t\t\t\t\t\t\t\t\t\t\t\t<\/div>\n\t\t\t\t<\/div>\n\t\t\t\t<\/div>\n\t\t<div class=\"elementor-element elementor-element-0b3582f e-flex e-con-boxed e-con e-child\" data-id=\"0b3582f\" data-element_type=\"container\" data-e-type=\"container\">\n\t\t\t\t\t<div class=\"e-con-inner\">\n\t\t\t\t<div class=\"elementor-element elementor-element-92a3e48 elementor-widget elementor-widget-text-editor\" data-id=\"92a3e48\" data-element_type=\"widget\" data-e-type=\"widget\" data-widget_type=\"text-editor.default\">\n\t\t\t\t<div class=\"elementor-widget-container\">\n\t\t\t\t\t\t\t\t\t<h3>Alunos do Curso de Direito da UNIFACP realizam ciclo de palestras aberto \u00e0 comunidade<\/h3><p>Na pr\u00f3xima\u00a0<strong>ter\u00e7a-feira, dia 27<\/strong>, o Curso de Direito da\u00a0<strong>UNIFACP<\/strong>\u00a0promover\u00e1 um\u00a0<strong>ciclo de palestras gratuito e aberto \u00e0 comunidade<\/strong>, como parte das atividades de extens\u00e3o da gradua\u00e7\u00e3o. O evento ser\u00e1 realizado no\u00a0<strong>audit\u00f3rio do Col\u00e9gio Cosmos<\/strong>, localizado ao lado da UNIFACP, com acesso tanto pela entrada principal da faculdade quanto pelo port\u00e3o do pr\u00f3prio col\u00e9gio.<\/p><p>As palestras ser\u00e3o ministradas pelos\u00a0<strong>alunos do curso de Direito<\/strong>, sob a supervis\u00e3o do\u00a0<strong>professor Roberto Daher<\/strong>, coordenador do curso, que acompanha de perto a prepara\u00e7\u00e3o e o desenvolvimento dos conte\u00fados.<\/p><p>Entre os temas que ser\u00e3o debatidos est\u00e3o:<\/p><ul><li><p><strong>O impacto dos crimes praticados por funcion\u00e1rios p\u00fablicos<\/strong><\/p><\/li><li><p><strong>Os efeitos da reforma tribut\u00e1ria em andamento no munic\u00edpio de Paul\u00ednia<\/strong><\/p><\/li><\/ul><p>A iniciativa tem como objetivo proporcionar aos alunos uma viv\u00eancia pr\u00e1tica, estimulando habilidades como pesquisa, argumenta\u00e7\u00e3o e orat\u00f3ria, al\u00e9m de aproximar a institui\u00e7\u00e3o da comunidade por meio da reflex\u00e3o de temas atuais e relevantes.<\/p><blockquote><p><i>\u201cTrata-se de uma atividade importante tanto para a forma\u00e7\u00e3o acad\u00eamica dos estudantes quanto para o fortalecimento do v\u00ednculo da UNIFACP com a sociedade\u201d, destaca o professor Roberto Daher.<\/i><\/p><\/blockquote><p>\u00a0<em>O evento ser\u00e1 no audit\u00f3rio do Col\u00e9gio Cosmos, com entrada pela UNIFACP ou pelo port\u00e3o do col\u00e9gio. Participe!<\/em><\/p>\t\t\t\t\t\t\t\t<\/div>\n\t\t\t\t<\/div>\n\t\t\t\t\t<\/div>\n\t\t\t\t<\/div>\n\t\t\t\t<\/div>\n\t\t\t\t<\/div>\n\t\t","protected":false},"excerpt":{"rendered":"<p>Alunos do Curso de Direito da UNIFACP realizam ciclo de palestras aberto \u00e0 comunidade Na pr\u00f3xima\u00a0ter\u00e7a-feira, dia 27, o Curso de Direito da\u00a0UNIFACP\u00a0promover\u00e1 um\u00a0ciclo de palestras gratuito e aberto \u00e0 comunidade, como parte das atividades de extens\u00e3o da gradua\u00e7\u00e3o. O evento ser\u00e1 realizado no\u00a0audit\u00f3rio do Col\u00e9gio Cosmos, localizado ao lado da UNIFACP, com acesso tanto [&hellip;]<\/p>\n","protected":false},"author":1,"featured_media":2662,"comment_status":"closed","ping_status":"open","sticky":false,"template":"","format":"standard","meta":{"footnotes":""},"categories":[131,72,135],"tags":[],"class_list":["post-2661","post","type-post","status-publish","format-standard","has-post-thumbnail","hentry","category-direito","category-direito-publico","category-eventos"],"_links":{"self":[{"href":"https:\/\/unifacp.edu.br\/Home-page\/wp-json\/wp\/v2\/posts\/2661","targetHints":{"allow":["GET"]}}],"collection":[{"href":"https:\/\/unifacp.edu.br\/Home-page\/wp-json\/wp\/v2\/posts"}],"about":[{"href":"https:\/\/unifacp.edu.br\/Home-page\/wp-json\/wp\/v2\/types\/post"}],"author":[{"embeddable":true,"href":"https:\/\/unifacp.edu.br\/Home-page\/wp-json\/wp\/v2\/users\/1"}],"replies":[{"embeddable":true,"href":"https:\/\/unifacp.edu.br\/Home-page\/wp-json\/wp\/v2\/comments?post=2661"}],"version-history":[{"count":0,"href":"https:\/\/unifacp.edu.br\/Home-page\/wp-json\/wp\/v2\/posts\/2661\/revisions"}],"wp:featuredmedia":[{"embeddable":true,"href":"https:\/\/unifacp.edu.br\/Home-page\/wp-json\/wp\/v2\/media\/2662"}],"wp:attachment":[{"href":"https:\/\/unifacp.edu.br\/Home-page\/wp-json\/wp\/v2\/media?parent=2661"}],"wp:term":[{"taxonomy":"category","embeddable":true,"href":"https:\/\/unifacp.edu.br\/Home-page\/wp-json\/wp\/v2\/categories?post=2661"},{"taxonomy":"post_tag","embeddable":true,"href":"https:\/\/unifacp.edu.br\/Home-page\/wp-json\/wp\/v2\/tags?post=2661"}],"curies":[{"name":"wp","href":"https:\/\/api.w.org\/{rel}","templated":true}]}}