{"id":2682,"date":"2025-05-27T16:15:10","date_gmt":"2025-05-27T16:15:10","guid":{"rendered":"https:\/\/unifacp.edu.br\/Home-page\/?p=2682"},"modified":"2025-05-27T16:18:23","modified_gmt":"2025-05-27T16:18:23","slug":"alunos-de-medicina-veterinaria-da-unifacp-participam-de-visita-tecnica-a-fazenda-de-criacao-de-camaroes-marinhos-camarao-premium","status":"publish","type":"post","link":"https:\/\/unifacp.edu.br\/Home-page\/alunos-de-medicina-veterinaria-da-unifacp-participam-de-visita-tecnica-a-fazenda-de-criacao-de-camaroes-marinhos-camarao-premium\/","title":{"rendered":"Alunos de Medicina Veterin\u00e1ria da UNIFACP participam de visita t\u00e9cnica \u00e0 fazenda de cria\u00e7\u00e3o de camar\u00f5es marinhos &#8220;Camar\u00e3o Premium&#8221;"},"content":{"rendered":"\t\t<div data-elementor-type=\"wp-post\" data-elementor-id=\"2682\" class=\"elementor elementor-2682\" data-elementor-post-type=\"post\">\n\t\t\t\t<div class=\"elementor-element elementor-element-06a124a e-flex e-con-boxed e-con e-parent\" data-id=\"06a124a\" data-element_type=\"container\" data-e-type=\"container\">\n\t\t\t\t\t<div class=\"e-con-inner\">\n\t\t<div class=\"elementor-element elementor-element-9ae7597 e-con-full e-flex e-con e-child\" data-id=\"9ae7597\" data-element_type=\"container\" data-e-type=\"container\">\n\t\t\t\t<div class=\"elementor-element elementor-element-e7e6ac9 elementor-widget elementor-widget-image\" data-id=\"e7e6ac9\" data-element_type=\"widget\" data-e-type=\"widget\" data-widget_type=\"image.default\">\n\t\t\t\t<div class=\"elementor-widget-container\">\n\t\t\t\t\t\t\t\t\t\t\t\t\t\t\t<img fetchpriority=\"high\" decoding=\"async\" width=\"1280\" height=\"600\" src=\"https:\/\/unifacp.edu.br\/wp-content\/uploads\/2025\/05\/ARTIGO-SITE-TAMANHO-NOVO-3-2.png\" class=\"attachment-full size-full wp-image-2683\" alt=\"Alunos de Medicina Veterin\u00e1ria da UNIFACP participam de visita t\u00e9cnica \u00e0 fazenda de cria\u00e7\u00e3o de camar\u00f5es marinhos &quot;Camar\u00e3o Premium&quot;\" srcset=\"https:\/\/unifacp.edu.br\/wp-content\/uploads\/2025\/05\/ARTIGO-SITE-TAMANHO-NOVO-3-2.png 1280w, https:\/\/unifacp.edu.br\/wp-content\/uploads\/2025\/05\/ARTIGO-SITE-TAMANHO-NOVO-3-2-300x141.png 300w, https:\/\/unifacp.edu.br\/wp-content\/uploads\/2025\/05\/ARTIGO-SITE-TAMANHO-NOVO-3-2-1024x480.png 1024w, https:\/\/unifacp.edu.br\/wp-content\/uploads\/2025\/05\/ARTIGO-SITE-TAMANHO-NOVO-3-2-768x360.png 768w\" sizes=\"(max-width: 1280px) 100vw, 1280px\" \/>\t\t\t\t\t\t\t\t\t\t\t\t\t\t\t<\/div>\n\t\t\t\t<\/div>\n\t\t\t\t<\/div>\n\t\t<div class=\"elementor-element elementor-element-da9f2ee e-flex e-con-boxed e-con e-child\" data-id=\"da9f2ee\" data-element_type=\"container\" data-e-type=\"container\">\n\t\t\t\t\t<div class=\"e-con-inner\">\n\t\t\t\t<div class=\"elementor-element elementor-element-d25d9fe elementor-widget elementor-widget-text-editor\" data-id=\"d25d9fe\" data-element_type=\"widget\" data-e-type=\"widget\" data-widget_type=\"text-editor.default\">\n\t\t\t\t<div class=\"elementor-widget-container\">\n\t\t\t\t\t\t\t\t\t<p><strong>Alunos de Medicina Veterin\u00e1ria da UNIFACP participam de visita t\u00e9cnica \u00e0 fazenda de cria\u00e7\u00e3o de camar\u00f5es marinhos &#8220;Camar\u00e3o Premium&#8221;<\/strong><\/p><p>No \u00faltimo final de semana, os alunos do curso de Medicina Veterin\u00e1ria da UNIFACP participaram de uma enriquecedora visita t\u00e9cnica \u00e0 fazenda de cria\u00e7\u00e3o de camar\u00f5es marinhos\u00a0<em>Camar\u00e3o Premium<\/em>, da empresa @fremepescados. A atividade foi conduzida pelo pesquisador cient\u00edfico F\u00e1bio Sussel (@fabiosussel), do Instituto de Pesca de S\u00e3o Paulo, que tamb\u00e9m \u00e9 o respons\u00e1vel t\u00e9cnico pelo projeto de pesquisa desenvolvido na propriedade.<\/p><p>Durante a visita, os estudantes puderam aprofundar seus conhecimentos em\u00a0<strong>Carcinocultura<\/strong>, \u00e1rea da aquicultura dedicada \u00e0 cria\u00e7\u00e3o de camar\u00f5es. A programa\u00e7\u00e3o incluiu uma aula te\u00f3rica sobre os fundamentos da produ\u00e7\u00e3o, abordando temas como nutri\u00e7\u00e3o, manejo, biosseguran\u00e7a e sustentabilidade. Em seguida, os alunos participaram de uma atividade pr\u00e1tica nas instala\u00e7\u00f5es da fazenda, onde acompanharam de perto as etapas do processo produtivo \u2013 da larvicultura \u00e0 fase final de engorda.<\/p><p>Para encerrar a experi\u00eancia com chave de ouro, os alunos participaram de uma degusta\u00e7\u00e3o sensorial dos camar\u00f5es produzidos na fazenda, avaliando a qualidade e frescor do produto final.<\/p><p>Essa viv\u00eancia proporcionou um importante contato com a realidade do mercado e com as possibilidades de atua\u00e7\u00e3o na \u00e1rea de produ\u00e7\u00e3o animal e aquicultura.<\/p><p><img decoding=\"async\" class=\"an1\" draggable=\"false\" src=\"https:\/\/fonts.gstatic.com\/s\/e\/notoemoji\/16.0\/1f4f8\/32.png\" alt=\"\ud83d\udcf8\" data-emoji=\"\ud83d\udcf8\" aria-label=\"\ud83d\udcf8\" \/>\u00a0<strong>Confira as fotos da visita t\u00e9cnica neste link:<\/strong><br \/><img decoding=\"async\" class=\"an1\" draggable=\"false\" src=\"https:\/\/fonts.gstatic.com\/s\/e\/notoemoji\/16.0\/1f449\/32.png\" alt=\"\ud83d\udc49\" data-emoji=\"\ud83d\udc49\" aria-label=\"\ud83d\udc49\" \/>\u00a0<a href=\"https:\/\/drive.google.com\/drive\/folders\/17UN3gjzjiKMhEHWbagt7aZoXmwBiPl-W?usp=sharing\" target=\"_blank\" rel=\"noopener\" data-saferedirecturl=\"https:\/\/www.google.com\/url?q=https:\/\/drive.google.com\/drive\/folders\/17UN3gjzjiKMhEHWbagt7aZoXmwBiPl-W?usp%3Dsharing&amp;source=gmail&amp;ust=1748448659274000&amp;usg=AOvVaw2W0FV30n2SN7szmvNbQJpP\">https:\/\/drive.google.com\/<wbr \/>drive\/folders\/<wbr \/>17UN3gjzjiKMhEHWbagt7aZoXmwBiP<wbr \/>l-W?usp=sharing<\/a><\/p><p>A UNIFACP segue investindo em uma forma\u00e7\u00e3o acad\u00eamica que une teoria, pr\u00e1tica e experi\u00eancias de campo, preparando seus alunos para os desafios e oportunidades do mercado profissional.<\/p>\t\t\t\t\t\t\t\t<\/div>\n\t\t\t\t<\/div>\n\t\t\t\t\t<\/div>\n\t\t\t\t<\/div>\n\t\t\t\t\t<\/div>\n\t\t\t\t<\/div>\n\t\t\t\t<\/div>\n\t\t","protected":false},"excerpt":{"rendered":"<p>Alunos de Medicina Veterin\u00e1ria da UNIFACP participam de visita t\u00e9cnica \u00e0 fazenda de cria\u00e7\u00e3o de camar\u00f5es marinhos &#8220;Camar\u00e3o Premium&#8221; No \u00faltimo final de semana, os alunos do curso de Medicina Veterin\u00e1ria da UNIFACP participaram de uma enriquecedora visita t\u00e9cnica \u00e0 fazenda de cria\u00e7\u00e3o de camar\u00f5es marinhos\u00a0Camar\u00e3o Premium, da empresa @fremepescados. A atividade foi conduzida pelo [&hellip;]<\/p>\n","protected":false},"author":1,"featured_media":2684,"comment_status":"closed","ping_status":"open","sticky":false,"template":"","format":"standard","meta":{"footnotes":""},"categories":[122,135],"tags":[],"class_list":["post-2682","post","type-post","status-publish","format-standard","has-post-thumbnail","hentry","category-medicina-veterinaria","category-eventos"],"_links":{"self":[{"href":"https:\/\/unifacp.edu.br\/Home-page\/wp-json\/wp\/v2\/posts\/2682","targetHints":{"allow":["GET"]}}],"collection":[{"href":"https:\/\/unifacp.edu.br\/Home-page\/wp-json\/wp\/v2\/posts"}],"about":[{"href":"https:\/\/unifacp.edu.br\/Home-page\/wp-json\/wp\/v2\/types\/post"}],"author":[{"embeddable":true,"href":"https:\/\/unifacp.edu.br\/Home-page\/wp-json\/wp\/v2\/users\/1"}],"replies":[{"embeddable":true,"href":"https:\/\/unifacp.edu.br\/Home-page\/wp-json\/wp\/v2\/comments?post=2682"}],"version-history":[{"count":0,"href":"https:\/\/unifacp.edu.br\/Home-page\/wp-json\/wp\/v2\/posts\/2682\/revisions"}],"wp:featuredmedia":[{"embeddable":true,"href":"https:\/\/unifacp.edu.br\/Home-page\/wp-json\/wp\/v2\/media\/2684"}],"wp:attachment":[{"href":"https:\/\/unifacp.edu.br\/Home-page\/wp-json\/wp\/v2\/media?parent=2682"}],"wp:term":[{"taxonomy":"category","embeddable":true,"href":"https:\/\/unifacp.edu.br\/Home-page\/wp-json\/wp\/v2\/categories?post=2682"},{"taxonomy":"post_tag","embeddable":true,"href":"https:\/\/unifacp.edu.br\/Home-page\/wp-json\/wp\/v2\/tags?post=2682"}],"curies":[{"name":"wp","href":"https:\/\/api.w.org\/{rel}","templated":true}]}}