{"id":2698,"date":"2025-05-27T17:52:41","date_gmt":"2025-05-27T17:52:41","guid":{"rendered":"https:\/\/unifacp.edu.br\/Home-page\/?p=2698"},"modified":"2025-05-28T10:57:43","modified_gmt":"2025-05-28T10:57:43","slug":"estudantes-de-farmacia-da-unifacp-apresentam-aps-sobre-radiofarmacos","status":"publish","type":"post","link":"https:\/\/unifacp.edu.br\/Home-page\/estudantes-de-farmacia-da-unifacp-apresentam-aps-sobre-radiofarmacos\/","title":{"rendered":"Estudantes de Farm\u00e1cia da UNIFACP apresentam APS sobre Radiof\u00e1rmacos\u00a0\u00a0"},"content":{"rendered":"\t\t<div data-elementor-type=\"wp-post\" data-elementor-id=\"2698\" class=\"elementor elementor-2698\" data-elementor-post-type=\"post\">\n\t\t\t\t<div class=\"elementor-element elementor-element-b08b302 e-flex e-con-boxed e-con e-parent\" data-id=\"b08b302\" data-element_type=\"container\" data-e-type=\"container\">\n\t\t\t\t\t<div class=\"e-con-inner\">\n\t\t<div class=\"elementor-element elementor-element-539e743 e-con-full e-flex e-con e-child\" data-id=\"539e743\" data-element_type=\"container\" data-e-type=\"container\">\n\t\t\t\t<div class=\"elementor-element elementor-element-33db1ed elementor-widget elementor-widget-image\" data-id=\"33db1ed\" data-element_type=\"widget\" data-e-type=\"widget\" data-widget_type=\"image.default\">\n\t\t\t\t<div class=\"elementor-widget-container\">\n\t\t\t\t\t\t\t\t\t\t\t\t\t\t\t<img fetchpriority=\"high\" decoding=\"async\" width=\"1280\" height=\"600\" src=\"https:\/\/unifacp.edu.br\/wp-content\/uploads\/2025\/05\/ARTIGO-SITE-TAMANHO-NOVO-4-1.png\" class=\"attachment-full size-full wp-image-2700\" alt=\"Estudantes de Farm\u00e1cia da UNIFACP apresentam APS sobre Radiof\u00e1rmacos\" srcset=\"https:\/\/unifacp.edu.br\/wp-content\/uploads\/2025\/05\/ARTIGO-SITE-TAMANHO-NOVO-4-1.png 1280w, https:\/\/unifacp.edu.br\/wp-content\/uploads\/2025\/05\/ARTIGO-SITE-TAMANHO-NOVO-4-1-300x141.png 300w, https:\/\/unifacp.edu.br\/wp-content\/uploads\/2025\/05\/ARTIGO-SITE-TAMANHO-NOVO-4-1-1024x480.png 1024w, https:\/\/unifacp.edu.br\/wp-content\/uploads\/2025\/05\/ARTIGO-SITE-TAMANHO-NOVO-4-1-768x360.png 768w\" sizes=\"(max-width: 1280px) 100vw, 1280px\" \/>\t\t\t\t\t\t\t\t\t\t\t\t\t\t\t<\/div>\n\t\t\t\t<\/div>\n\t\t\t\t<\/div>\n\t\t<div class=\"elementor-element elementor-element-93776cf e-con-full e-flex e-con e-child\" data-id=\"93776cf\" data-element_type=\"container\" data-e-type=\"container\">\n\t\t\t\t<div class=\"elementor-element elementor-element-1fe23ee elementor-widget-divider--view-line elementor-widget elementor-widget-divider\" data-id=\"1fe23ee\" data-element_type=\"widget\" data-e-type=\"widget\" data-widget_type=\"divider.default\">\n\t\t\t\t<div class=\"elementor-widget-container\">\n\t\t\t\t\t\t\t<div class=\"elementor-divider\">\n\t\t\t<span class=\"elementor-divider-separator\">\n\t\t\t\t\t\t<\/span>\n\t\t<\/div>\n\t\t\t\t\t\t<\/div>\n\t\t\t\t<\/div>\n\t\t\t\t<\/div>\n\t\t<div class=\"elementor-element elementor-element-73d45db e-con-full e-flex e-con e-child\" data-id=\"73d45db\" data-element_type=\"container\" data-e-type=\"container\">\n\t\t\t\t<div class=\"elementor-element elementor-element-88ec564 elementor-widget elementor-widget-text-editor\" data-id=\"88ec564\" data-element_type=\"widget\" data-e-type=\"widget\" data-widget_type=\"text-editor.default\">\n\t\t\t\t<div class=\"elementor-widget-container\">\n\t\t\t\t\t\t\t\t\t<div><p><strong>Estudantes de Farm\u00e1cia da UNIFACP apresentam APS sobre Radiof\u00e1rmacos\u00a0\u00a0<\/strong><\/p><p>Na \u00faltima segunda-feira, 26 de maio, os alunos do 1\u00ba semestre do curso de Farm\u00e1cia da UNIFACP realizaram a apresenta\u00e7\u00e3o da Atividade Pr\u00e1tica Supervisionada (APS) com um tema de grande relev\u00e2ncia para a \u00e1rea da sa\u00fade: Radiof\u00e1rmacos.<\/p><p>Sob supervis\u00e3o do professor Ruberval, os estudantes elaboraram banners explicativos e compartilharam seus conhecimentos com os demais alunos da institui\u00e7\u00e3o, abordando de forma clara e did\u00e1tica o conceito, a fun\u00e7\u00e3o e o funcionamento dos radiof\u00e1rmacos.<\/p><p>Radiof\u00e1rmacos s\u00e3o medicamentos que possuem, em sua composi\u00e7\u00e3o, um ou mais radionucl\u00eddeos \u2014 \u00e1tomos de um elemento qu\u00edmico que apresentam instabilidade nuclear e, por isso, emitem radia\u00e7\u00e3o. Esses compostos s\u00e3o amplamente utilizados na Medicina Nuclear, tanto no diagn\u00f3stico quanto no tratamento de doen\u00e7as.<\/p><p>Entre suas principais aplica\u00e7\u00f5es, destacam-se:<\/p><ul><li><p>Diagn\u00f3stico: utilizados em exames de imagem, como a cintilografia e a tomografia por emiss\u00e3o de p\u00f3sitrons (PET), os radiof\u00e1rmacos permitem visualizar altera\u00e7\u00f5es no funcionamento de \u00f3rg\u00e3os e sistemas, auxiliando na detec\u00e7\u00e3o precoce de condi\u00e7\u00f5es como c\u00e2ncer e disfun\u00e7\u00f5es da tireoide.<\/p><\/li><li><p>Terapia: alguns radiof\u00e1rmacos s\u00e3o empregados no tratamento de determinadas doen\u00e7as, sobretudo tipos espec\u00edficos de c\u00e2ncer. A radia\u00e7\u00e3o emitida por esses compostos age diretamente nas c\u00e9lulas doentes, contribuindo para seu controle ou elimina\u00e7\u00e3o.<\/p><\/li><\/ul><p>Durante a apresenta\u00e7\u00e3o, os alunos explicaram tamb\u00e9m como esses medicamentos s\u00e3o projetados para se direcionar a \u00f3rg\u00e3os ou tecidos espec\u00edficos do corpo, garantindo maior precis\u00e3o tanto nos exames quanto nos tratamentos.<\/p><p>A atividade proporcionou aos estudantes uma valiosa experi\u00eancia de aprendizado pr\u00e1tico, integra\u00e7\u00e3o entre teoria e aplica\u00e7\u00e3o real, al\u00e9m de estimular o desenvolvimento de habilidades de comunica\u00e7\u00e3o cient\u00edfica.<\/p><p>\u00a0<\/p><p>Link para as fotos:\u00a0<a href=\"https:\/\/drive.google.com\/drive\/folders\/1MCe4EcsfEeBZqNmYkeTwFvLjeq4asYce?usp=sharing\" target=\"_blank\" rel=\"noopener\" data-saferedirecturl=\"https:\/\/www.google.com\/url?q=https:\/\/drive.google.com\/drive\/folders\/1MCe4EcsfEeBZqNmYkeTwFvLjeq4asYce?usp%3Dsharing&amp;source=gmail&amp;ust=1748454236013000&amp;usg=AOvVaw387BxG8P_21UrRPe_eDLHE\">https:\/\/drive.google.<wbr \/>com\/drive\/folders\/<wbr \/>1MCe4EcsfEeBZqNmYkeTwFvLjeq4as<wbr \/>Yce?usp=sharing<\/a><\/p><p>A UNIFACP parabeniza todos os alunos envolvidos na atividade pela dedica\u00e7\u00e3o e pelo compromisso com a forma\u00e7\u00e3o acad\u00eamica de excel\u00eancia.<\/p><\/div><div><div dir=\"ltr\" data-smartmail=\"gmail_signature\">\u00a0<\/div><\/div>\t\t\t\t\t\t\t\t<\/div>\n\t\t\t\t<\/div>\n\t\t\t\t<\/div>\n\t\t\t\t\t<\/div>\n\t\t\t\t<\/div>\n\t\t\t\t<\/div>\n\t\t","protected":false},"excerpt":{"rendered":"<p>Estudantes de Farm\u00e1cia da UNIFACP apresentam APS sobre Radiof\u00e1rmacos\u00a0\u00a0 Na \u00faltima segunda-feira, 26 de maio, os alunos do 1\u00ba semestre do curso de Farm\u00e1cia da UNIFACP realizaram a apresenta\u00e7\u00e3o da Atividade Pr\u00e1tica Supervisionada (APS) com um tema de grande relev\u00e2ncia para a \u00e1rea da sa\u00fade: Radiof\u00e1rmacos. Sob supervis\u00e3o do professor Ruberval, os estudantes elaboraram banners [&hellip;]<\/p>\n","protected":false},"author":1,"featured_media":2699,"comment_status":"closed","ping_status":"open","sticky":false,"template":"","format":"standard","meta":{"footnotes":""},"categories":[135,124],"tags":[],"class_list":["post-2698","post","type-post","status-publish","format-standard","has-post-thumbnail","hentry","category-eventos","category-farmacia"],"_links":{"self":[{"href":"https:\/\/unifacp.edu.br\/Home-page\/wp-json\/wp\/v2\/posts\/2698","targetHints":{"allow":["GET"]}}],"collection":[{"href":"https:\/\/unifacp.edu.br\/Home-page\/wp-json\/wp\/v2\/posts"}],"about":[{"href":"https:\/\/unifacp.edu.br\/Home-page\/wp-json\/wp\/v2\/types\/post"}],"author":[{"embeddable":true,"href":"https:\/\/unifacp.edu.br\/Home-page\/wp-json\/wp\/v2\/users\/1"}],"replies":[{"embeddable":true,"href":"https:\/\/unifacp.edu.br\/Home-page\/wp-json\/wp\/v2\/comments?post=2698"}],"version-history":[{"count":0,"href":"https:\/\/unifacp.edu.br\/Home-page\/wp-json\/wp\/v2\/posts\/2698\/revisions"}],"wp:featuredmedia":[{"embeddable":true,"href":"https:\/\/unifacp.edu.br\/Home-page\/wp-json\/wp\/v2\/media\/2699"}],"wp:attachment":[{"href":"https:\/\/unifacp.edu.br\/Home-page\/wp-json\/wp\/v2\/media?parent=2698"}],"wp:term":[{"taxonomy":"category","embeddable":true,"href":"https:\/\/unifacp.edu.br\/Home-page\/wp-json\/wp\/v2\/categories?post=2698"},{"taxonomy":"post_tag","embeddable":true,"href":"https:\/\/unifacp.edu.br\/Home-page\/wp-json\/wp\/v2\/tags?post=2698"}],"curies":[{"name":"wp","href":"https:\/\/api.w.org\/{rel}","templated":true}]}}