{"id":2712,"date":"2025-05-28T15:12:32","date_gmt":"2025-05-28T15:12:32","guid":{"rendered":"https:\/\/unifacp.edu.br\/Home-page\/?p=2712"},"modified":"2025-05-28T16:00:03","modified_gmt":"2025-05-28T16:00:03","slug":"unifacp-realiza-apresentacoes-das-atividades-de-extensao-do-curso-de-direito","status":"publish","type":"post","link":"https:\/\/unifacp.edu.br\/Home-page\/unifacp-realiza-apresentacoes-das-atividades-de-extensao-do-curso-de-direito\/","title":{"rendered":"UNIFACP realiza apresenta\u00e7\u00f5es das atividades de extens\u00e3o do curso de Direito"},"content":{"rendered":"\t\t<div data-elementor-type=\"wp-post\" data-elementor-id=\"2712\" class=\"elementor elementor-2712\" data-elementor-post-type=\"post\">\n\t\t\t\t<div class=\"elementor-element elementor-element-7d4180a e-con-full e-flex e-con e-parent\" data-id=\"7d4180a\" data-element_type=\"container\" data-e-type=\"container\">\n\t\t<div class=\"elementor-element elementor-element-2195207 e-con-full e-flex e-con e-child\" data-id=\"2195207\" data-element_type=\"container\" data-e-type=\"container\">\n\t\t\t\t<div class=\"elementor-element elementor-element-49ca762 elementor-widget elementor-widget-image\" data-id=\"49ca762\" data-element_type=\"widget\" data-e-type=\"widget\" data-widget_type=\"image.default\">\n\t\t\t\t<div class=\"elementor-widget-container\">\n\t\t\t\t\t\t\t\t\t\t\t\t\t\t\t<img fetchpriority=\"high\" decoding=\"async\" width=\"1280\" height=\"600\" src=\"https:\/\/unifacp.edu.br\/wp-content\/uploads\/2025\/05\/ARTIGO-SITE-TAMANHO-NOVO-5-2.png\" class=\"attachment-full size-full wp-image-2713\" alt=\"UNIFACP realiza apresenta\u00e7\u00f5es das atividades de extens\u00e3o do curso de Direito\" srcset=\"https:\/\/unifacp.edu.br\/wp-content\/uploads\/2025\/05\/ARTIGO-SITE-TAMANHO-NOVO-5-2.png 1280w, https:\/\/unifacp.edu.br\/wp-content\/uploads\/2025\/05\/ARTIGO-SITE-TAMANHO-NOVO-5-2-300x141.png 300w, https:\/\/unifacp.edu.br\/wp-content\/uploads\/2025\/05\/ARTIGO-SITE-TAMANHO-NOVO-5-2-1024x480.png 1024w, https:\/\/unifacp.edu.br\/wp-content\/uploads\/2025\/05\/ARTIGO-SITE-TAMANHO-NOVO-5-2-768x360.png 768w\" sizes=\"(max-width: 1280px) 100vw, 1280px\" \/>\t\t\t\t\t\t\t\t\t\t\t\t\t\t\t<\/div>\n\t\t\t\t<\/div>\n\t\t\t\t<\/div>\n\t\t<div class=\"elementor-element elementor-element-bf9eada e-flex e-con-boxed e-con e-child\" data-id=\"bf9eada\" data-element_type=\"container\" data-e-type=\"container\">\n\t\t\t\t\t<div class=\"e-con-inner\">\n\t\t\t\t<div class=\"elementor-element elementor-element-fa93bb5 elementor-widget-divider--view-line elementor-widget elementor-widget-divider\" data-id=\"fa93bb5\" data-element_type=\"widget\" data-e-type=\"widget\" data-widget_type=\"divider.default\">\n\t\t\t\t<div class=\"elementor-widget-container\">\n\t\t\t\t\t\t\t<div class=\"elementor-divider\">\n\t\t\t<span class=\"elementor-divider-separator\">\n\t\t\t\t\t\t<\/span>\n\t\t<\/div>\n\t\t\t\t\t\t<\/div>\n\t\t\t\t<\/div>\n\t\t\t\t\t<\/div>\n\t\t\t\t<\/div>\n\t\t<div class=\"elementor-element elementor-element-bdf2e7a e-flex e-con-boxed e-con e-child\" data-id=\"bdf2e7a\" data-element_type=\"container\" data-e-type=\"container\">\n\t\t\t\t\t<div class=\"e-con-inner\">\n\t\t\t\t<div class=\"elementor-element elementor-element-e650b9e elementor-widget elementor-widget-text-editor\" data-id=\"e650b9e\" data-element_type=\"widget\" data-e-type=\"widget\" data-widget_type=\"text-editor.default\">\n\t\t\t\t<div class=\"elementor-widget-container\">\n\t\t\t\t\t\t\t\t\t<h3><strong>UNIFACP realiza apresenta\u00e7\u00f5es das atividades de extens\u00e3o do curso de Direito<\/strong><\/h3><p>Na manh\u00e3 desta ter\u00e7a-feira, 27 de maio, os alunos do curso de Direito da UNIFACP protagonizaram mais um importante momento acad\u00eamico com a apresenta\u00e7\u00e3o das atividades de extens\u00e3o. A iniciativa teve como objetivo promover a aplica\u00e7\u00e3o pr\u00e1tica dos conte\u00fados estudados em sala de aula, por meio da abordagem de temas jur\u00eddicos relevantes e atuais.<\/p><p>Sob a orienta\u00e7\u00e3o e supervis\u00e3o dos professores\u00a0<strong>Krislaine<\/strong>,\u00a0<strong>Karime<\/strong>,\u00a0<strong>Ricardo<\/strong>\u00a0e do coordenador do curso,\u00a0<strong>Prof. Daher<\/strong>, os estudantes demonstraram dom\u00ednio t\u00e9cnico, capacidade cr\u00edtica e excelente desenvoltura na exposi\u00e7\u00e3o dos trabalhos. Cada grupo trouxe contribui\u00e7\u00f5es valiosas para o debate jur\u00eddico, abordando diferentes \u00e1reas do Direito e suas implica\u00e7\u00f5es na sociedade.<\/p><p>As atividades de extens\u00e3o s\u00e3o parte essencial da forma\u00e7\u00e3o acad\u00eamica oferecida pela UNIFACP, pois proporcionam aos alunos a oportunidade de conectar teoria e pr\u00e1tica, desenvolver habilidades profissionais e ampliar a vis\u00e3o social da atua\u00e7\u00e3o jur\u00eddica.<\/p><p>Segundo os professores envolvidos, momentos como este enriquecem a forma\u00e7\u00e3o dos futuros profissionais, estimulando o protagonismo estudantil, a pesquisa e a responsabilidade cidad\u00e3.<\/p><p>Confira as fotos do evento neste link:<\/p><p><a href=\"https:\/\/drive.google.com\/drive\/folders\/1CvGzkSuuo7_U3oRKYYqya5nK9hC6tmio?usp=sharing\" target=\"_blank\" rel=\"noopener\" data-saferedirecturl=\"https:\/\/www.google.com\/url?q=https:\/\/drive.google.com\/drive\/folders\/1CvGzkSuuo7_U3oRKYYqya5nK9hC6tmio?usp%3Dsharing&amp;source=gmail&amp;ust=1748533937005000&amp;usg=AOvVaw1uivDdZjWd169ss8xoJt12\">https:\/\/drive.google.com\/<wbr \/>drive\/folders\/1CvGzkSuuo7_<wbr \/>U3oRKYYqya5nK9hC6tmio?usp=<wbr \/>sharing<\/a><\/p>\t\t\t\t\t\t\t\t<\/div>\n\t\t\t\t<\/div>\n\t\t\t\t\t<\/div>\n\t\t\t\t<\/div>\n\t\t\t\t<\/div>\n\t\t\t\t<\/div>\n\t\t","protected":false},"excerpt":{"rendered":"<p>UNIFACP realiza apresenta\u00e7\u00f5es das atividades de extens\u00e3o do curso de Direito Na manh\u00e3 desta ter\u00e7a-feira, 27 de maio, os alunos do curso de Direito da UNIFACP protagonizaram mais um importante momento acad\u00eamico com a apresenta\u00e7\u00e3o das atividades de extens\u00e3o. A iniciativa teve como objetivo promover a aplica\u00e7\u00e3o pr\u00e1tica dos conte\u00fados estudados em sala de aula, [&hellip;]<\/p>\n","protected":false},"author":1,"featured_media":2714,"comment_status":"closed","ping_status":"open","sticky":false,"template":"","format":"standard","meta":{"footnotes":""},"categories":[131,72,135],"tags":[],"class_list":["post-2712","post","type-post","status-publish","format-standard","has-post-thumbnail","hentry","category-direito","category-direito-publico","category-eventos"],"_links":{"self":[{"href":"https:\/\/unifacp.edu.br\/Home-page\/wp-json\/wp\/v2\/posts\/2712","targetHints":{"allow":["GET"]}}],"collection":[{"href":"https:\/\/unifacp.edu.br\/Home-page\/wp-json\/wp\/v2\/posts"}],"about":[{"href":"https:\/\/unifacp.edu.br\/Home-page\/wp-json\/wp\/v2\/types\/post"}],"author":[{"embeddable":true,"href":"https:\/\/unifacp.edu.br\/Home-page\/wp-json\/wp\/v2\/users\/1"}],"replies":[{"embeddable":true,"href":"https:\/\/unifacp.edu.br\/Home-page\/wp-json\/wp\/v2\/comments?post=2712"}],"version-history":[{"count":0,"href":"https:\/\/unifacp.edu.br\/Home-page\/wp-json\/wp\/v2\/posts\/2712\/revisions"}],"wp:featuredmedia":[{"embeddable":true,"href":"https:\/\/unifacp.edu.br\/Home-page\/wp-json\/wp\/v2\/media\/2714"}],"wp:attachment":[{"href":"https:\/\/unifacp.edu.br\/Home-page\/wp-json\/wp\/v2\/media?parent=2712"}],"wp:term":[{"taxonomy":"category","embeddable":true,"href":"https:\/\/unifacp.edu.br\/Home-page\/wp-json\/wp\/v2\/categories?post=2712"},{"taxonomy":"post_tag","embeddable":true,"href":"https:\/\/unifacp.edu.br\/Home-page\/wp-json\/wp\/v2\/tags?post=2712"}],"curies":[{"name":"wp","href":"https:\/\/api.w.org\/{rel}","templated":true}]}}