{"id":2739,"date":"2025-05-28T18:25:12","date_gmt":"2025-05-28T18:25:12","guid":{"rendered":"https:\/\/unifacp.edu.br\/Home-page\/?p=2739"},"modified":"2025-05-28T18:26:10","modified_gmt":"2025-05-28T18:26:10","slug":"ciclo-de-palestras-do-curso-de-direito-reune-alunos-e-comunidade-para-discutir-temas-atuais","status":"publish","type":"post","link":"https:\/\/unifacp.edu.br\/Home-page\/ciclo-de-palestras-do-curso-de-direito-reune-alunos-e-comunidade-para-discutir-temas-atuais\/","title":{"rendered":"Ciclo de Palestras do Curso de Direito re\u00fane alunos e comunidade para discutir temas atuais"},"content":{"rendered":"\t\t<div data-elementor-type=\"wp-post\" data-elementor-id=\"2739\" class=\"elementor elementor-2739\" data-elementor-post-type=\"post\">\n\t\t\t\t<div class=\"elementor-element elementor-element-2606d14 e-con-full e-flex e-con e-parent\" data-id=\"2606d14\" data-element_type=\"container\" data-e-type=\"container\">\n\t\t<div class=\"elementor-element elementor-element-53917dd e-con-full e-flex e-con e-child\" data-id=\"53917dd\" data-element_type=\"container\" data-e-type=\"container\">\n\t\t\t\t<div class=\"elementor-element elementor-element-63f2062 elementor-widget elementor-widget-image\" data-id=\"63f2062\" data-element_type=\"widget\" data-e-type=\"widget\" data-widget_type=\"image.default\">\n\t\t\t\t<div class=\"elementor-widget-container\">\n\t\t\t\t\t\t\t\t\t\t\t\t\t\t\t<img fetchpriority=\"high\" decoding=\"async\" width=\"1280\" height=\"600\" src=\"https:\/\/unifacp.edu.br\/wp-content\/uploads\/2025\/05\/ARTIGO-SITE-TAMANHO-NOVO-7-2.png\" class=\"attachment-full size-full wp-image-2741\" alt=\"Ciclo de Palestras do Curso de Direito re\u00fane alunos e comunidade para discutir temas atuais\" srcset=\"https:\/\/unifacp.edu.br\/wp-content\/uploads\/2025\/05\/ARTIGO-SITE-TAMANHO-NOVO-7-2.png 1280w, https:\/\/unifacp.edu.br\/wp-content\/uploads\/2025\/05\/ARTIGO-SITE-TAMANHO-NOVO-7-2-300x141.png 300w, https:\/\/unifacp.edu.br\/wp-content\/uploads\/2025\/05\/ARTIGO-SITE-TAMANHO-NOVO-7-2-1024x480.png 1024w, https:\/\/unifacp.edu.br\/wp-content\/uploads\/2025\/05\/ARTIGO-SITE-TAMANHO-NOVO-7-2-768x360.png 768w\" sizes=\"(max-width: 1280px) 100vw, 1280px\" \/>\t\t\t\t\t\t\t\t\t\t\t\t\t\t\t<\/div>\n\t\t\t\t<\/div>\n\t\t\t\t<\/div>\n\t\t<div class=\"elementor-element elementor-element-5d2594d e-flex e-con-boxed e-con e-child\" data-id=\"5d2594d\" data-element_type=\"container\" data-e-type=\"container\">\n\t\t\t\t\t<div class=\"e-con-inner\">\n\t\t\t\t<div class=\"elementor-element elementor-element-755760f elementor-widget-divider--view-line elementor-widget elementor-widget-divider\" data-id=\"755760f\" data-element_type=\"widget\" data-e-type=\"widget\" data-widget_type=\"divider.default\">\n\t\t\t\t<div class=\"elementor-widget-container\">\n\t\t\t\t\t\t\t<div class=\"elementor-divider\">\n\t\t\t<span class=\"elementor-divider-separator\">\n\t\t\t\t\t\t<\/span>\n\t\t<\/div>\n\t\t\t\t\t\t<\/div>\n\t\t\t\t<\/div>\n\t\t\t\t\t<\/div>\n\t\t\t\t<\/div>\n\t\t<div class=\"elementor-element elementor-element-578246c e-flex e-con-boxed e-con e-child\" data-id=\"578246c\" data-element_type=\"container\" data-e-type=\"container\">\n\t\t\t\t\t<div class=\"e-con-inner\">\n\t\t\t\t<div class=\"elementor-element elementor-element-53fd02d elementor-widget elementor-widget-text-editor\" data-id=\"53fd02d\" data-element_type=\"widget\" data-e-type=\"widget\" data-widget_type=\"text-editor.default\">\n\t\t\t\t<div class=\"elementor-widget-container\">\n\t\t\t\t\t\t\t\t\t<h3>Ciclo de Palestras do Curso de Direito re\u00fane alunos e comunidade para discutir temas atuais<\/h3><p>O\u00a0<strong>Ciclo de Palestras do Curso de Direito da UNIFACP<\/strong>, realizado ontem, ter\u00e7a-feira (27), foi um sucesso! O evento, que faz parte das atividades de extens\u00e3o universit\u00e1ria, reuniu alunos, professores e membros da comunidade no\u00a0<strong>audit\u00f3rio do Col\u00e9gio Cosmos<\/strong>, ao lado da UNIFACP.<\/p><p>Sob a supervis\u00e3o do\u00a0<strong>professor Roberto Daher<\/strong>, coordenador do curso, os pr\u00f3prios\u00a0<strong>alunos foram os protagonistas<\/strong>\u00a0da noite, conduzindo apresenta\u00e7\u00f5es e reflex\u00f5es sobre temas jur\u00eddicos de grande relev\u00e2ncia, como:<\/p><ul><li><p><strong>O impacto dos crimes praticados por funcion\u00e1rios p\u00fablicos<\/strong><\/p><\/li><li><p><strong>Os efeitos da reforma tribut\u00e1ria no munic\u00edpio de Paul\u00ednia<\/strong><\/p><\/li><\/ul><p>O objetivo do evento foi oferecer uma experi\u00eancia pr\u00e1tica aos estudantes, estimulando habilidades como pesquisa, orat\u00f3ria e argumenta\u00e7\u00e3o, al\u00e9m de fortalecer o v\u00ednculo da institui\u00e7\u00e3o com a sociedade.<\/p><p><strong>Quer ver como foi o evento?<\/strong><br \/>Acesse nosso perfil oficial no Instagram e confira a cobertura completa:\u00a0<a href=\"https:\/\/www.instagram.com\/unifacp\" target=\"_blank\" rel=\"noopener\" data-saferedirecturl=\"https:\/\/www.google.com\/url?q=https:\/\/www.instagram.com\/unifacp&amp;source=gmail&amp;ust=1748542858556000&amp;usg=AOvVaw3bS7myGKR4xe9HQrxoOL04\">@unifacp<\/a><\/p>\t\t\t\t\t\t\t\t<\/div>\n\t\t\t\t<\/div>\n\t\t\t\t\t<\/div>\n\t\t\t\t<\/div>\n\t\t\t\t<\/div>\n\t\t\t\t<\/div>\n\t\t","protected":false},"excerpt":{"rendered":"<p>Ciclo de Palestras do Curso de Direito re\u00fane alunos e comunidade para discutir temas atuais O\u00a0Ciclo de Palestras do Curso de Direito da UNIFACP, realizado ontem, ter\u00e7a-feira (27), foi um sucesso! O evento, que faz parte das atividades de extens\u00e3o universit\u00e1ria, reuniu alunos, professores e membros da comunidade no\u00a0audit\u00f3rio do Col\u00e9gio Cosmos, ao lado da [&hellip;]<\/p>\n","protected":false},"author":1,"featured_media":2740,"comment_status":"closed","ping_status":"open","sticky":false,"template":"","format":"standard","meta":{"footnotes":""},"categories":[72,131,135],"tags":[],"class_list":["post-2739","post","type-post","status-publish","format-standard","has-post-thumbnail","hentry","category-direito-publico","category-direito","category-eventos"],"_links":{"self":[{"href":"https:\/\/unifacp.edu.br\/Home-page\/wp-json\/wp\/v2\/posts\/2739","targetHints":{"allow":["GET"]}}],"collection":[{"href":"https:\/\/unifacp.edu.br\/Home-page\/wp-json\/wp\/v2\/posts"}],"about":[{"href":"https:\/\/unifacp.edu.br\/Home-page\/wp-json\/wp\/v2\/types\/post"}],"author":[{"embeddable":true,"href":"https:\/\/unifacp.edu.br\/Home-page\/wp-json\/wp\/v2\/users\/1"}],"replies":[{"embeddable":true,"href":"https:\/\/unifacp.edu.br\/Home-page\/wp-json\/wp\/v2\/comments?post=2739"}],"version-history":[{"count":0,"href":"https:\/\/unifacp.edu.br\/Home-page\/wp-json\/wp\/v2\/posts\/2739\/revisions"}],"wp:featuredmedia":[{"embeddable":true,"href":"https:\/\/unifacp.edu.br\/Home-page\/wp-json\/wp\/v2\/media\/2740"}],"wp:attachment":[{"href":"https:\/\/unifacp.edu.br\/Home-page\/wp-json\/wp\/v2\/media?parent=2739"}],"wp:term":[{"taxonomy":"category","embeddable":true,"href":"https:\/\/unifacp.edu.br\/Home-page\/wp-json\/wp\/v2\/categories?post=2739"},{"taxonomy":"post_tag","embeddable":true,"href":"https:\/\/unifacp.edu.br\/Home-page\/wp-json\/wp\/v2\/tags?post=2739"}],"curies":[{"name":"wp","href":"https:\/\/api.w.org\/{rel}","templated":true}]}}