{"id":2792,"date":"2025-06-02T14:48:38","date_gmt":"2025-06-02T14:48:38","guid":{"rendered":"https:\/\/unifacp.edu.br\/Home-page\/?p=2792"},"modified":"2025-06-02T14:49:46","modified_gmt":"2025-06-02T14:49:46","slug":"visita-dos-alunos-da-e-e-padre-jose-narciso-a-unifacp-foi-um-sucesso","status":"publish","type":"post","link":"https:\/\/unifacp.edu.br\/Home-page\/visita-dos-alunos-da-e-e-padre-jose-narciso-a-unifacp-foi-um-sucesso\/","title":{"rendered":"Visita dos alunos da E.E. Padre Jos\u00e9 Narciso \u00e0 UNIFACP foi um sucesso!"},"content":{"rendered":"\t\t<div data-elementor-type=\"wp-post\" data-elementor-id=\"2792\" class=\"elementor elementor-2792\" data-elementor-post-type=\"post\">\n\t\t\t\t<div class=\"elementor-element elementor-element-82efd29 e-con-full e-flex e-con e-parent\" data-id=\"82efd29\" data-element_type=\"container\" data-e-type=\"container\">\n\t\t<div class=\"elementor-element elementor-element-b0dead9 e-con-full e-flex e-con e-child\" data-id=\"b0dead9\" data-element_type=\"container\" data-e-type=\"container\">\n\t\t\t\t<div class=\"elementor-element elementor-element-02a7886 elementor-widget elementor-widget-image\" data-id=\"02a7886\" data-element_type=\"widget\" data-e-type=\"widget\" data-widget_type=\"image.default\">\n\t\t\t\t<div class=\"elementor-widget-container\">\n\t\t\t\t\t\t\t\t\t\t\t\t\t\t\t<img fetchpriority=\"high\" decoding=\"async\" width=\"1280\" height=\"600\" src=\"https:\/\/unifacp.edu.br\/wp-content\/uploads\/2025\/06\/ARTIGO-SITE-TAMANHO-NOVO-10.png\" class=\"attachment-full size-full wp-image-2795\" alt=\"Visita dos alunos da E.E. Padre Jos\u00e9 Narciso \u00e0 UNIFACP foi um sucesso!\" srcset=\"https:\/\/unifacp.edu.br\/wp-content\/uploads\/2025\/06\/ARTIGO-SITE-TAMANHO-NOVO-10.png 1280w, https:\/\/unifacp.edu.br\/wp-content\/uploads\/2025\/06\/ARTIGO-SITE-TAMANHO-NOVO-10-300x141.png 300w, https:\/\/unifacp.edu.br\/wp-content\/uploads\/2025\/06\/ARTIGO-SITE-TAMANHO-NOVO-10-1024x480.png 1024w, https:\/\/unifacp.edu.br\/wp-content\/uploads\/2025\/06\/ARTIGO-SITE-TAMANHO-NOVO-10-768x360.png 768w\" sizes=\"(max-width: 1280px) 100vw, 1280px\" \/>\t\t\t\t\t\t\t\t\t\t\t\t\t\t\t<\/div>\n\t\t\t\t<\/div>\n\t\t\t\t<\/div>\n\t\t<div class=\"elementor-element elementor-element-ccd0a8f e-flex e-con-boxed e-con e-child\" data-id=\"ccd0a8f\" data-element_type=\"container\" data-e-type=\"container\">\n\t\t\t\t\t<div class=\"e-con-inner\">\n\t\t\t\t<div class=\"elementor-element elementor-element-27a9cdd elementor-widget-divider--view-line elementor-widget elementor-widget-divider\" data-id=\"27a9cdd\" data-element_type=\"widget\" data-e-type=\"widget\" data-widget_type=\"divider.default\">\n\t\t\t\t<div class=\"elementor-widget-container\">\n\t\t\t\t\t\t\t<div class=\"elementor-divider\">\n\t\t\t<span class=\"elementor-divider-separator\">\n\t\t\t\t\t\t<\/span>\n\t\t<\/div>\n\t\t\t\t\t\t<\/div>\n\t\t\t\t<\/div>\n\t\t\t\t\t<\/div>\n\t\t\t\t<\/div>\n\t\t<div class=\"elementor-element elementor-element-33c911b e-flex e-con-boxed e-con e-child\" data-id=\"33c911b\" data-element_type=\"container\" data-e-type=\"container\">\n\t\t\t\t\t<div class=\"e-con-inner\">\n\t\t\t\t<div class=\"elementor-element elementor-element-5e07689 elementor-widget elementor-widget-text-editor\" data-id=\"5e07689\" data-element_type=\"widget\" data-e-type=\"widget\" data-widget_type=\"text-editor.default\">\n\t\t\t\t<div class=\"elementor-widget-container\">\n\t\t\t\t\t\t\t\t\t<h2>Visita dos alunos da E.E. Padre Jos\u00e9 Narciso \u00e0 UNIFACP foi um sucesso!<\/h2><p>Na \u00faltima quarta-feira (28\/05), a UNIFACP teve o prazer de receber os alunos da Escola Estadual Padre Jos\u00e9 Narciso Vieira Ehrenberg, localizada no bairro Jo\u00e3o Aranha, em Paul\u00ednia. A visita foi um verdadeiro sucesso, marcada por momentos de aprendizado, acolhimento e muita troca de experi\u00eancias.<\/p><p>Acompanhados pela professora respons\u00e1vel da escola e pela estudante de Psicologia da UNIFACP, Cicerlange, os alunos foram recepcionados pelo pr\u00f3-reitor da institui\u00e7\u00e3o, professor Maur\u00edcio, e pela professora Neyde, que guiaram a visita pelas instala\u00e7\u00f5es da UNIFACP.<\/p><p>Durante o tour, os estudantes conheceram os laborat\u00f3rios dos cursos de gradua\u00e7\u00e3o, os ambientes acad\u00eamicos, a estrutura dos atendimentos gratuitos oferecidos \u00e0 comunidade \u2014 como o servi\u00e7o de Psicologia e o N\u00facleo de Pr\u00e1ticas Jur\u00eddicas \u2014 e tamb\u00e9m puderam conferir de perto exposi\u00e7\u00f5es de projetos desenvolvidos pelos alunos dos cursos de Engenharias e Qu\u00edmica.<\/p><p>A atividade teve como objetivo aproximar os jovens do ambiente universit\u00e1rio e apresentar as oportunidades que a UNIFACP oferece para seu futuro acad\u00eamico e profissional.<\/p><p>Receber esses alunos foi, para n\u00f3s, uma grande alegria. Acreditamos na import\u00e2ncia de inspirar novos caminhos por meio da educa\u00e7\u00e3o e refor\u00e7amos que as portas da UNIFACP estar\u00e3o sempre abertas para a comunidade!<\/p><p>Link para as fotos:\u00a0<a href=\"https:\/\/drive.google.com\/drive\/folders\/1k_No3WeMrR1VLZaHWQR1SPsTDjap7cw0?usp=sharing\" target=\"_blank\" rel=\"noopener\" data-saferedirecturl=\"https:\/\/www.google.com\/url?q=https:\/\/drive.google.com\/drive\/folders\/1k_No3WeMrR1VLZaHWQR1SPsTDjap7cw0?usp%3Dsharing&amp;source=gmail&amp;ust=1748961978384000&amp;usg=AOvVaw0DPCYYnnvSJ7efCMiMrwxI\">https:\/\/drive.google.<wbr \/>com\/drive\/folders\/1k_<wbr \/>No3WeMrR1VLZaHWQR1SPsTDjap7cw0<wbr \/>?usp=sharing<\/a><\/p>\t\t\t\t\t\t\t\t<\/div>\n\t\t\t\t<\/div>\n\t\t\t\t\t<\/div>\n\t\t\t\t<\/div>\n\t\t\t\t<\/div>\n\t\t\t\t<\/div>\n\t\t","protected":false},"excerpt":{"rendered":"<p>Visita dos alunos da E.E. Padre Jos\u00e9 Narciso \u00e0 UNIFACP foi um sucesso! Na \u00faltima quarta-feira (28\/05), a UNIFACP teve o prazer de receber os alunos da Escola Estadual Padre Jos\u00e9 Narciso Vieira Ehrenberg, localizada no bairro Jo\u00e3o Aranha, em Paul\u00ednia. A visita foi um verdadeiro sucesso, marcada por momentos de aprendizado, acolhimento e muita [&hellip;]<\/p>\n","protected":false},"author":1,"featured_media":2793,"comment_status":"closed","ping_status":"open","sticky":false,"template":"","format":"standard","meta":{"footnotes":""},"categories":[135],"tags":[],"class_list":["post-2792","post","type-post","status-publish","format-standard","has-post-thumbnail","hentry","category-eventos"],"_links":{"self":[{"href":"https:\/\/unifacp.edu.br\/Home-page\/wp-json\/wp\/v2\/posts\/2792","targetHints":{"allow":["GET"]}}],"collection":[{"href":"https:\/\/unifacp.edu.br\/Home-page\/wp-json\/wp\/v2\/posts"}],"about":[{"href":"https:\/\/unifacp.edu.br\/Home-page\/wp-json\/wp\/v2\/types\/post"}],"author":[{"embeddable":true,"href":"https:\/\/unifacp.edu.br\/Home-page\/wp-json\/wp\/v2\/users\/1"}],"replies":[{"embeddable":true,"href":"https:\/\/unifacp.edu.br\/Home-page\/wp-json\/wp\/v2\/comments?post=2792"}],"version-history":[{"count":0,"href":"https:\/\/unifacp.edu.br\/Home-page\/wp-json\/wp\/v2\/posts\/2792\/revisions"}],"wp:featuredmedia":[{"embeddable":true,"href":"https:\/\/unifacp.edu.br\/Home-page\/wp-json\/wp\/v2\/media\/2793"}],"wp:attachment":[{"href":"https:\/\/unifacp.edu.br\/Home-page\/wp-json\/wp\/v2\/media?parent=2792"}],"wp:term":[{"taxonomy":"category","embeddable":true,"href":"https:\/\/unifacp.edu.br\/Home-page\/wp-json\/wp\/v2\/categories?post=2792"},{"taxonomy":"post_tag","embeddable":true,"href":"https:\/\/unifacp.edu.br\/Home-page\/wp-json\/wp\/v2\/tags?post=2792"}],"curies":[{"name":"wp","href":"https:\/\/api.w.org\/{rel}","templated":true}]}}