{"id":2800,"date":"2025-06-02T17:30:49","date_gmt":"2025-06-02T17:30:49","guid":{"rendered":"https:\/\/unifacp.edu.br\/Home-page\/?p=2800"},"modified":"2025-06-02T17:33:28","modified_gmt":"2025-06-02T17:33:28","slug":"primeira-caominhada-unifacp-reune-tutores-pets-e-comunidade-em-manha-especial-de-lazer-e-conscientizacao","status":"publish","type":"post","link":"https:\/\/unifacp.edu.br\/Home-page\/primeira-caominhada-unifacp-reune-tutores-pets-e-comunidade-em-manha-especial-de-lazer-e-conscientizacao\/","title":{"rendered":"Primeira C\u00e3ominhada UNIFACP re\u00fane tutores, pets e comunidade em manh\u00e3 especial de lazer e conscientiza\u00e7\u00e3o"},"content":{"rendered":"\t\t<div data-elementor-type=\"wp-post\" data-elementor-id=\"2800\" class=\"elementor elementor-2800\" data-elementor-post-type=\"post\">\n\t\t\t\t<div class=\"elementor-element elementor-element-834b93a e-con-full e-flex e-con e-parent\" data-id=\"834b93a\" data-element_type=\"container\" data-e-type=\"container\">\n\t\t<div class=\"elementor-element elementor-element-9b2b0cb e-con-full e-flex e-con e-child\" data-id=\"9b2b0cb\" data-element_type=\"container\" data-e-type=\"container\">\n\t\t\t\t<div class=\"elementor-element elementor-element-8c090f2 elementor-widget elementor-widget-image\" data-id=\"8c090f2\" data-element_type=\"widget\" data-e-type=\"widget\" data-widget_type=\"image.default\">\n\t\t\t\t<div class=\"elementor-widget-container\">\n\t\t\t\t\t\t\t\t\t\t\t\t\t\t\t<img fetchpriority=\"high\" decoding=\"async\" width=\"1280\" height=\"600\" src=\"https:\/\/unifacp.edu.br\/wp-content\/uploads\/2025\/06\/ARTIGO-SITE-TAMANHO-NOVO-11.png\" class=\"attachment-full size-full wp-image-2802\" alt=\"Primeira C\u00e3ominhada UNIFACP re\u00fane tutores, pets e comunidade em manh\u00e3 especial de lazer e conscientiza\u00e7\u00e3o\" srcset=\"https:\/\/unifacp.edu.br\/wp-content\/uploads\/2025\/06\/ARTIGO-SITE-TAMANHO-NOVO-11.png 1280w, https:\/\/unifacp.edu.br\/wp-content\/uploads\/2025\/06\/ARTIGO-SITE-TAMANHO-NOVO-11-300x141.png 300w, https:\/\/unifacp.edu.br\/wp-content\/uploads\/2025\/06\/ARTIGO-SITE-TAMANHO-NOVO-11-1024x480.png 1024w, https:\/\/unifacp.edu.br\/wp-content\/uploads\/2025\/06\/ARTIGO-SITE-TAMANHO-NOVO-11-768x360.png 768w\" sizes=\"(max-width: 1280px) 100vw, 1280px\" \/>\t\t\t\t\t\t\t\t\t\t\t\t\t\t\t<\/div>\n\t\t\t\t<\/div>\n\t\t\t\t<\/div>\n\t\t<div class=\"elementor-element elementor-element-ff1f29d e-flex e-con-boxed e-con e-child\" data-id=\"ff1f29d\" data-element_type=\"container\" data-e-type=\"container\">\n\t\t\t\t\t<div class=\"e-con-inner\">\n\t\t\t\t<div class=\"elementor-element elementor-element-2b87d4b elementor-widget-divider--view-line elementor-widget elementor-widget-divider\" data-id=\"2b87d4b\" data-element_type=\"widget\" data-e-type=\"widget\" data-widget_type=\"divider.default\">\n\t\t\t\t<div class=\"elementor-widget-container\">\n\t\t\t\t\t\t\t<div class=\"elementor-divider\">\n\t\t\t<span class=\"elementor-divider-separator\">\n\t\t\t\t\t\t<\/span>\n\t\t<\/div>\n\t\t\t\t\t\t<\/div>\n\t\t\t\t<\/div>\n\t\t\t\t\t<\/div>\n\t\t\t\t<\/div>\n\t\t<div class=\"elementor-element elementor-element-f1f64e4 e-flex e-con-boxed e-con e-child\" data-id=\"f1f64e4\" data-element_type=\"container\" data-e-type=\"container\">\n\t\t\t\t\t<div class=\"e-con-inner\">\n\t\t\t\t<div class=\"elementor-element elementor-element-665f537 elementor-widget elementor-widget-text-editor\" data-id=\"665f537\" data-element_type=\"widget\" data-e-type=\"widget\" data-widget_type=\"text-editor.default\">\n\t\t\t\t<div class=\"elementor-widget-container\">\n\t\t\t\t\t\t\t\t\t<h2>Primeira C\u00e3ominhada UNIFACP re\u00fane tutores, pets e comunidade em manh\u00e3 especial de lazer e conscientiza\u00e7\u00e3o<\/h2><p>No \u00faltimo s\u00e1bado,\u00a0<strong>31 de maio<\/strong>, a\u00a0<strong>Pra\u00e7a H\u00e9lio Fernandes de Carvalho<\/strong>, no bairro Bom Retiro, foi palco da\u00a0<strong>primeira edi\u00e7\u00e3o da C\u00e3ominhada UNIFACP<\/strong>, promovida pelos alunos e docentes do curso de\u00a0<strong>Medicina Veterin\u00e1ria<\/strong>. O evento reuniu dezenas de tutores e seus pets em uma manh\u00e3 marcada por momentos de lazer, intera\u00e7\u00e3o, educa\u00e7\u00e3o e muito amor pelos animais.<\/p><p>A atividade, gratuita e aberta ao p\u00fablico, teve como principal objetivo incentivar o bem-estar animal, a socializa\u00e7\u00e3o dos pets e o fortalecimento do v\u00ednculo entre tutor e c\u00e3o, al\u00e9m de aproximar a comunidade local da atua\u00e7\u00e3o acad\u00eamica e social da UNIFACP.<\/p><h3>Demonstra\u00e7\u00e3o com o C.E.C. Carlos dos Anjos e o c\u00e3o Samurai<\/h3><p>Um dos grandes destaques do evento foi a apresenta\u00e7\u00e3o realizada pelo\u00a0<strong>C.E.C. Carlos dos Anjos<\/strong>, que conduziu uma s\u00e9rie de demonstra\u00e7\u00f5es de adestramento e obedi\u00eancia com o\u00a0<strong>c\u00e3o Samurai<\/strong>, um\u00a0<strong>pastor holand\u00eas<\/strong>\u00a0j\u00e1 experiente em apresenta\u00e7\u00f5es e competi\u00e7\u00f5es.<\/p><p>Com dom\u00ednio t\u00e9cnico e foco no treinamento funcional, Carlos dos Anjos encantou o p\u00fablico ao mostrar o desempenho e a disciplina do animal, evidenciando a import\u00e2ncia do treinamento \u00e9tico e bem direcionado. Al\u00e9m disso,\u00a0<strong>alguns professores e alunos participaram da atividade usando trajes especiais para simular situa\u00e7\u00f5es de conten\u00e7\u00e3o e defesa<\/strong>, tornando a experi\u00eancia ainda mais din\u00e2mica.<\/p><h3>Participa\u00e7\u00e3o dos docentes<\/h3><p>A C\u00e3ominhada contou com a presen\u00e7a e colabora\u00e7\u00e3o ativa dos professores do curso de Medicina Veterin\u00e1ria da UNIFACP:<\/p><ul><li><p><strong>Prof\u00aa. Salma do Valle<\/strong><\/p><\/li><li><p><strong>Prof\u00aa. Viviane Rossini<\/strong><\/p><\/li><li><p><strong>Prof\u00aa. Katia Fernandes<\/strong><\/p><\/li><li><p><strong>Prof. Guilherme Hypollito<\/strong><\/p><\/li><li><p>Coordena\u00e7\u00e3o geral:\u00a0<strong>Prof. Daniel Malagoli<\/strong><\/p><\/li><\/ul><p>O envolvimento do corpo docente refor\u00e7a o compromisso da institui\u00e7\u00e3o com a forma\u00e7\u00e3o pr\u00e1tica, a responsabilidade social e o contato direto com a comunidade.<\/p><h3>Brindes, intera\u00e7\u00e3o e apoio fundamental<\/h3><p>Durante o evento, os\u00a0<strong>20 primeiros pets participantes receberam uma bandana exclusiva<\/strong>, e o p\u00fablico teve a oportunidade de esclarecer d\u00favidas com estudantes e professores, al\u00e9m de vivenciar momentos de integra\u00e7\u00e3o e afeto com seus animais de estima\u00e7\u00e3o.<\/p><p>A realiza\u00e7\u00e3o da C\u00e3ominhada s\u00f3 foi poss\u00edvel gra\u00e7as ao apoio de importantes\u00a0<strong>patrocinadores<\/strong>, que acreditam no bem-estar animal e apoiam iniciativas de responsabilidade social:<\/p><ul><li><p><strong>Projeto Maya<\/strong><\/p><\/li><li><p><strong>Organnact<\/strong><\/p><\/li><li><p><strong>Farmina<\/strong><\/p><\/li><li><p><strong>Cl\u00ednica Veterin\u00e1ria Animalles<\/strong><\/p><\/li><\/ul><p>A todos eles, o nosso muito obrigado!<\/p><h3>Parceria com a Prefeitura e agradecimento especial<\/h3><p>O espa\u00e7o e a autoriza\u00e7\u00e3o para o evento foram viabilizados com o apoio da\u00a0<strong>Prefeitura Municipal de Paul\u00ednia<\/strong>, por meio do compromisso e dedica\u00e7\u00e3o do\u00a0<strong>vereador Gibi Professor<\/strong>, grande parceiro da UNIFACP em a\u00e7\u00f5es sociais, culturais e educacionais.<\/p><p>Deixamos registrado aqui o nosso sincero agradecimento ao\u00a0<strong>vereador Gibi Professor<\/strong>, por sempre estar ao lado da nossa institui\u00e7\u00e3o, apoiando causas que transformam a realidade local e fortalecem os la\u00e7os entre universidade e comunidade.<\/p><h3>Um evento que vai al\u00e9m do passeio<\/h3><p>Mais do que um simples encontro, a C\u00e3ominhada UNIFACP foi um verdadeiro exemplo de como educa\u00e7\u00e3o, carinho e engajamento social podem caminhar juntos \u2014 literalmente \u2014 em dire\u00e7\u00e3o a um futuro melhor para os animais e para a sociedade.<\/p><p><strong>Confira as fotos do evento no link abaixo:<\/strong><br \/><img decoding=\"async\" class=\"an1\" draggable=\"false\" src=\"https:\/\/fonts.gstatic.com\/s\/e\/notoemoji\/16.0\/1f517\/32.png\" alt=\"\ud83d\udd17\" data-emoji=\"\ud83d\udd17\" aria-label=\"\ud83d\udd17\" \/>\u00a0<a href=\"https:\/\/drive.google.com\/drive\/folders\/1hwlJIfBJxBXdVs29o536b0UfaGFC5gd-?usp=sharing\" target=\"_blank\" rel=\"noopener\" data-saferedirecturl=\"https:\/\/www.google.com\/url?q=https:\/\/drive.google.com\/drive\/folders\/1hwlJIfBJxBXdVs29o536b0UfaGFC5gd-?usp%3Dsharing&amp;source=gmail&amp;ust=1748971229513000&amp;usg=AOvVaw3PMm3NQfDIv4OO-zq9uQK-\">Clique aqui para acessar o \u00e1lbum de fotos da C\u00e3ominhada UNIFACP<\/a><\/p>\t\t\t\t\t\t\t\t<\/div>\n\t\t\t\t<\/div>\n\t\t\t\t\t<\/div>\n\t\t\t\t<\/div>\n\t\t\t\t<\/div>\n\t\t\t\t<\/div>\n\t\t","protected":false},"excerpt":{"rendered":"<p>Primeira C\u00e3ominhada UNIFACP re\u00fane tutores, pets e comunidade em manh\u00e3 especial de lazer e conscientiza\u00e7\u00e3o No \u00faltimo s\u00e1bado,\u00a031 de maio, a\u00a0Pra\u00e7a H\u00e9lio Fernandes de Carvalho, no bairro Bom Retiro, foi palco da\u00a0primeira edi\u00e7\u00e3o da C\u00e3ominhada UNIFACP, promovida pelos alunos e docentes do curso de\u00a0Medicina Veterin\u00e1ria. O evento reuniu dezenas de tutores e seus pets em [&hellip;]<\/p>\n","protected":false},"author":1,"featured_media":2801,"comment_status":"closed","ping_status":"open","sticky":false,"template":"","format":"standard","meta":{"footnotes":""},"categories":[122,135],"tags":[],"class_list":["post-2800","post","type-post","status-publish","format-standard","has-post-thumbnail","hentry","category-medicina-veterinaria","category-eventos"],"_links":{"self":[{"href":"https:\/\/unifacp.edu.br\/Home-page\/wp-json\/wp\/v2\/posts\/2800","targetHints":{"allow":["GET"]}}],"collection":[{"href":"https:\/\/unifacp.edu.br\/Home-page\/wp-json\/wp\/v2\/posts"}],"about":[{"href":"https:\/\/unifacp.edu.br\/Home-page\/wp-json\/wp\/v2\/types\/post"}],"author":[{"embeddable":true,"href":"https:\/\/unifacp.edu.br\/Home-page\/wp-json\/wp\/v2\/users\/1"}],"replies":[{"embeddable":true,"href":"https:\/\/unifacp.edu.br\/Home-page\/wp-json\/wp\/v2\/comments?post=2800"}],"version-history":[{"count":0,"href":"https:\/\/unifacp.edu.br\/Home-page\/wp-json\/wp\/v2\/posts\/2800\/revisions"}],"wp:featuredmedia":[{"embeddable":true,"href":"https:\/\/unifacp.edu.br\/Home-page\/wp-json\/wp\/v2\/media\/2801"}],"wp:attachment":[{"href":"https:\/\/unifacp.edu.br\/Home-page\/wp-json\/wp\/v2\/media?parent=2800"}],"wp:term":[{"taxonomy":"category","embeddable":true,"href":"https:\/\/unifacp.edu.br\/Home-page\/wp-json\/wp\/v2\/categories?post=2800"},{"taxonomy":"post_tag","embeddable":true,"href":"https:\/\/unifacp.edu.br\/Home-page\/wp-json\/wp\/v2\/tags?post=2800"}],"curies":[{"name":"wp","href":"https:\/\/api.w.org\/{rel}","templated":true}]}}