{"id":2807,"date":"2025-06-02T19:20:30","date_gmt":"2025-06-02T19:20:30","guid":{"rendered":"https:\/\/unifacp.edu.br\/Home-page\/?p=2807"},"modified":"2025-06-02T19:21:15","modified_gmt":"2025-06-02T19:21:15","slug":"unifacp-participa-da-4a-feira-de-profissoes-do-coc-paulinia","status":"publish","type":"post","link":"https:\/\/unifacp.edu.br\/Home-page\/unifacp-participa-da-4a-feira-de-profissoes-do-coc-paulinia\/","title":{"rendered":"UNIFACP participa da 4\u00aa Feira de Profiss\u00f5es do COC Paul\u00ednia"},"content":{"rendered":"\t\t<div data-elementor-type=\"wp-post\" data-elementor-id=\"2807\" class=\"elementor elementor-2807\" data-elementor-post-type=\"post\">\n\t\t\t\t<div class=\"elementor-element elementor-element-781ec53 e-con-full e-flex e-con e-parent\" data-id=\"781ec53\" data-element_type=\"container\" data-e-type=\"container\">\n\t\t<div class=\"elementor-element elementor-element-a9e22e4 e-con-full e-flex e-con e-child\" data-id=\"a9e22e4\" data-element_type=\"container\" data-e-type=\"container\">\n\t\t\t\t<div class=\"elementor-element elementor-element-bd3ddcd elementor-widget elementor-widget-image\" data-id=\"bd3ddcd\" data-element_type=\"widget\" data-e-type=\"widget\" data-widget_type=\"image.default\">\n\t\t\t\t<div class=\"elementor-widget-container\">\n\t\t\t\t\t\t\t\t\t\t\t\t\t\t\t<img fetchpriority=\"high\" decoding=\"async\" width=\"1280\" height=\"600\" src=\"https:\/\/unifacp.edu.br\/wp-content\/uploads\/2025\/06\/ARTIGO-SITE-TAMANHO-NOVO-13.png\" class=\"attachment-full size-full wp-image-2808\" alt=\"UNIFACP participa da 4\u00aa Feira de Profiss\u00f5es do COC Paul\u00ednia\" srcset=\"https:\/\/unifacp.edu.br\/wp-content\/uploads\/2025\/06\/ARTIGO-SITE-TAMANHO-NOVO-13.png 1280w, https:\/\/unifacp.edu.br\/wp-content\/uploads\/2025\/06\/ARTIGO-SITE-TAMANHO-NOVO-13-300x141.png 300w, https:\/\/unifacp.edu.br\/wp-content\/uploads\/2025\/06\/ARTIGO-SITE-TAMANHO-NOVO-13-1024x480.png 1024w, https:\/\/unifacp.edu.br\/wp-content\/uploads\/2025\/06\/ARTIGO-SITE-TAMANHO-NOVO-13-768x360.png 768w\" sizes=\"(max-width: 1280px) 100vw, 1280px\" \/>\t\t\t\t\t\t\t\t\t\t\t\t\t\t\t<\/div>\n\t\t\t\t<\/div>\n\t\t\t\t<\/div>\n\t\t<div class=\"elementor-element elementor-element-6d9e66f e-flex e-con-boxed e-con e-child\" data-id=\"6d9e66f\" data-element_type=\"container\" data-e-type=\"container\">\n\t\t\t\t\t<div class=\"e-con-inner\">\n\t\t\t\t<div class=\"elementor-element elementor-element-123f078 elementor-widget-divider--view-line elementor-widget elementor-widget-divider\" data-id=\"123f078\" data-element_type=\"widget\" data-e-type=\"widget\" data-widget_type=\"divider.default\">\n\t\t\t\t<div class=\"elementor-widget-container\">\n\t\t\t\t\t\t\t<div class=\"elementor-divider\">\n\t\t\t<span class=\"elementor-divider-separator\">\n\t\t\t\t\t\t<\/span>\n\t\t<\/div>\n\t\t\t\t\t\t<\/div>\n\t\t\t\t<\/div>\n\t\t\t\t\t<\/div>\n\t\t\t\t<\/div>\n\t\t<div class=\"elementor-element elementor-element-c3cedd7 e-flex e-con-boxed e-con e-child\" data-id=\"c3cedd7\" data-element_type=\"container\" data-e-type=\"container\">\n\t\t\t\t\t<div class=\"e-con-inner\">\n\t\t\t\t<div class=\"elementor-element elementor-element-bae3b2d elementor-widget elementor-widget-text-editor\" data-id=\"bae3b2d\" data-element_type=\"widget\" data-e-type=\"widget\" data-widget_type=\"text-editor.default\">\n\t\t\t\t<div class=\"elementor-widget-container\">\n\t\t\t\t\t\t\t\t\t<h2>UNIFACP participa da 4\u00aa Feira de Profiss\u00f5es do COC Paul\u00ednia<\/h2><p>No \u00faltimo dia 31 de maio, a UNIFACP marcou presen\u00e7a na 4\u00aa edi\u00e7\u00e3o da Feira de Profiss\u00f5es do COC Paul\u00ednia, evento voltado aos alunos do Ensino M\u00e9dio com o objetivo de apresentar possibilidades de carreira e trajet\u00f3rias acad\u00eamicas.<\/p><p>Representando a \u00fanica faculdade presencial da cidade de Paul\u00ednia, nossa equipe teve a oportunidade de apresentar a estrutura da institui\u00e7\u00e3o, os diferenciais dos nossos cursos e os benef\u00edcios de estudar em uma faculdade que alia tradi\u00e7\u00e3o, qualidade de ensino e proximidade com a comunidade local.<\/p><p>Durante a a\u00e7\u00e3o, os alunos participaram de conversas com nossos representantes e puderam esclarecer d\u00favidas sobre \u00e1reas de atua\u00e7\u00e3o, grade curricular e mercado de trabalho. Tamb\u00e9m foram distribu\u00eddos brindes como canetas, l\u00e1pis, r\u00e9guas e outros itens personalizados, tornando o momento ainda mais interativo e acolhedor.<\/p><p>A UNIFACP agradece especialmente ao professor Paulo Bianco, que leciona em nossa institui\u00e7\u00e3o e tamb\u00e9m no COC Paul\u00ednia, pela parceria e apoio no evento. Nosso reconhecimento tamb\u00e9m vai para a professora Cicerlange, do COC, que \u00e9 aluna do curso de Psicologia da UNIFACP, por seu envolvimento e acolhimento \u00e0 equipe.<\/p><p>Por fim, deixamos nosso agradecimento ao COC Paul\u00ednia pelo convite e pela receptividade. Iniciativas como essa fortalecem os la\u00e7os entre institui\u00e7\u00f5es de ensino e promovem o desenvolvimento educacional da nossa cidade. A UNIFACP valoriza parcerias que estimulam a escolha consciente da futura profiss\u00e3o e se coloca sempre \u00e0 disposi\u00e7\u00e3o para participar de a\u00e7\u00f5es como essa.<\/p><p>As fotos est\u00e3o em nosso instagram! Confira agora!\u00a0<\/p><p><a href=\"http:\/\/instagram.com\/unifacp\" target=\"_blank\" rel=\"noopener\" data-saferedirecturl=\"https:\/\/www.google.com\/url?q=http:\/\/instagram.com\/unifacp&amp;source=gmail&amp;ust=1748978227525000&amp;usg=AOvVaw2eYIxq2YZI1GSlI60ms7HI\">instagram.com\/unifacp<\/a><\/p>\t\t\t\t\t\t\t\t<\/div>\n\t\t\t\t<\/div>\n\t\t\t\t\t<\/div>\n\t\t\t\t<\/div>\n\t\t\t\t<\/div>\n\t\t\t\t<\/div>\n\t\t","protected":false},"excerpt":{"rendered":"<p>UNIFACP participa da 4\u00aa Feira de Profiss\u00f5es do COC Paul\u00ednia No \u00faltimo dia 31 de maio, a UNIFACP marcou presen\u00e7a na 4\u00aa edi\u00e7\u00e3o da Feira de Profiss\u00f5es do COC Paul\u00ednia, evento voltado aos alunos do Ensino M\u00e9dio com o objetivo de apresentar possibilidades de carreira e trajet\u00f3rias acad\u00eamicas. Representando a \u00fanica faculdade presencial da cidade [&hellip;]<\/p>\n","protected":false},"author":1,"featured_media":2809,"comment_status":"closed","ping_status":"open","sticky":false,"template":"","format":"standard","meta":{"footnotes":""},"categories":[135],"tags":[],"class_list":["post-2807","post","type-post","status-publish","format-standard","has-post-thumbnail","hentry","category-eventos"],"_links":{"self":[{"href":"https:\/\/unifacp.edu.br\/Home-page\/wp-json\/wp\/v2\/posts\/2807","targetHints":{"allow":["GET"]}}],"collection":[{"href":"https:\/\/unifacp.edu.br\/Home-page\/wp-json\/wp\/v2\/posts"}],"about":[{"href":"https:\/\/unifacp.edu.br\/Home-page\/wp-json\/wp\/v2\/types\/post"}],"author":[{"embeddable":true,"href":"https:\/\/unifacp.edu.br\/Home-page\/wp-json\/wp\/v2\/users\/1"}],"replies":[{"embeddable":true,"href":"https:\/\/unifacp.edu.br\/Home-page\/wp-json\/wp\/v2\/comments?post=2807"}],"version-history":[{"count":0,"href":"https:\/\/unifacp.edu.br\/Home-page\/wp-json\/wp\/v2\/posts\/2807\/revisions"}],"wp:featuredmedia":[{"embeddable":true,"href":"https:\/\/unifacp.edu.br\/Home-page\/wp-json\/wp\/v2\/media\/2809"}],"wp:attachment":[{"href":"https:\/\/unifacp.edu.br\/Home-page\/wp-json\/wp\/v2\/media?parent=2807"}],"wp:term":[{"taxonomy":"category","embeddable":true,"href":"https:\/\/unifacp.edu.br\/Home-page\/wp-json\/wp\/v2\/categories?post=2807"},{"taxonomy":"post_tag","embeddable":true,"href":"https:\/\/unifacp.edu.br\/Home-page\/wp-json\/wp\/v2\/tags?post=2807"}],"curies":[{"name":"wp","href":"https:\/\/api.w.org\/{rel}","templated":true}]}}