{"id":2827,"date":"2025-06-23T16:57:48","date_gmt":"2025-06-23T16:57:48","guid":{"rendered":"https:\/\/unifacp.edu.br\/Home-page\/?p=2827"},"modified":"2025-06-23T18:20:01","modified_gmt":"2025-06-23T18:20:01","slug":"unifacp-abre-cadastro-para-banco-de-talentos","status":"publish","type":"post","link":"https:\/\/unifacp.edu.br\/Home-page\/unifacp-abre-cadastro-para-banco-de-talentos\/","title":{"rendered":"UNIFACP Abre Cadastro para Banco de Talentos"},"content":{"rendered":"\t\t<div data-elementor-type=\"wp-post\" data-elementor-id=\"2827\" class=\"elementor elementor-2827\" data-elementor-post-type=\"post\">\n\t\t\t\t<div class=\"elementor-element elementor-element-3e39acd e-flex e-con-boxed e-con e-parent\" data-id=\"3e39acd\" data-element_type=\"container\" data-e-type=\"container\">\n\t\t\t\t\t<div class=\"e-con-inner\">\n\t\t<div class=\"elementor-element elementor-element-b5a429e e-con-full e-flex e-con e-child\" data-id=\"b5a429e\" data-element_type=\"container\" data-e-type=\"container\">\n\t\t\t\t<div class=\"elementor-element elementor-element-df08d3e elementor-widget elementor-widget-image\" data-id=\"df08d3e\" data-element_type=\"widget\" data-e-type=\"widget\" data-widget_type=\"image.default\">\n\t\t\t\t<div class=\"elementor-widget-container\">\n\t\t\t\t\t\t\t\t\t\t\t\t\t\t\t<img fetchpriority=\"high\" decoding=\"async\" width=\"800\" height=\"375\" src=\"https:\/\/unifacp.edu.br\/wp-content\/uploads\/2025\/06\/ancar33-1024x480.png\" class=\"attachment-large size-large wp-image-2843\" alt=\"UNIFACP Abre Cadastro para Banco de Talentos\" srcset=\"https:\/\/unifacp.edu.br\/wp-content\/uploads\/2025\/06\/ancar33-1024x480.png 1024w, https:\/\/unifacp.edu.br\/wp-content\/uploads\/2025\/06\/ancar33-300x141.png 300w, https:\/\/unifacp.edu.br\/wp-content\/uploads\/2025\/06\/ancar33-768x360.png 768w, https:\/\/unifacp.edu.br\/wp-content\/uploads\/2025\/06\/ancar33.png 1280w\" sizes=\"(max-width: 800px) 100vw, 800px\" \/>\t\t\t\t\t\t\t\t\t\t\t\t\t\t\t<\/div>\n\t\t\t\t<\/div>\n\t\t\t\t<\/div>\n\t\t<div class=\"elementor-element elementor-element-5a8b4a7 e-flex e-con-boxed e-con e-child\" data-id=\"5a8b4a7\" data-element_type=\"container\" data-e-type=\"container\">\n\t\t\t\t\t<div class=\"e-con-inner\">\n\t\t\t\t<div class=\"elementor-element elementor-element-e0987d5 elementor-widget elementor-widget-text-editor\" data-id=\"e0987d5\" data-element_type=\"widget\" data-e-type=\"widget\" data-widget_type=\"text-editor.default\">\n\t\t\t\t<div class=\"elementor-widget-container\">\n\t\t\t\t\t\t\t\t\t<p><strong>UNIFACP Abre Cadastro para Banco de Talentos<\/strong><\/p><p>A UNIFACP \u2013 Centro Universit\u00e1rio de Paul\u00ednia est\u00e1 atualizando seu Banco de Talentos e convida profissionais de diversas \u00e1reas a enviarem seus curr\u00edculos para futuras oportunidades.<\/p><p>Estamos recebendo curr\u00edculos para duas frentes:<\/p><p>\ud83d\udcd8 \u00c1rea Pedag\u00f3gica:<br \/>Buscamos professores de todos os cursos e disciplinas, comprometidos com a educa\u00e7\u00e3o de qualidade e dispostos a fazer parte de um corpo docente inovador e acolhedor.<\/p><p>\ud83d\udee0\ufe0f \u00c1rea Administrativa:<br \/>Estamos cadastrando profissionais para os setores de secretaria, tesouraria, \u00e1rea financeira, limpeza, manuten\u00e7\u00e3o e outros cargos administrativos que contribuem para o bom funcionamento da institui\u00e7\u00e3o.<\/p><p>Se voc\u00ea deseja fazer parte da equipe UNIFACP, envie seu curr\u00edculo para o e-mail:<br \/>\ud83d\udce9 trabalheconosco@facp.com.br<\/p><p>Contamos com voc\u00ea para continuarmos crescendo com qualidade, compromisso e excel\u00eancia!<\/p>\t\t\t\t\t\t\t\t<\/div>\n\t\t\t\t<\/div>\n\t\t\t\t\t<\/div>\n\t\t\t\t<\/div>\n\t\t\t\t\t<\/div>\n\t\t\t\t<\/div>\n\t\t\t\t<\/div>\n\t\t","protected":false},"excerpt":{"rendered":"<p>UNIFACP Abre Cadastro para Banco de Talentos A UNIFACP \u2013 Centro Universit\u00e1rio de Paul\u00ednia est\u00e1 atualizando seu Banco de Talentos e convida profissionais de diversas \u00e1reas a enviarem seus curr\u00edculos para futuras oportunidades. Estamos recebendo curr\u00edculos para duas frentes: \ud83d\udcd8 \u00c1rea Pedag\u00f3gica:Buscamos professores de todos os cursos e disciplinas, comprometidos com a educa\u00e7\u00e3o de qualidade [&hellip;]<\/p>\n","protected":false},"author":1,"featured_media":2828,"comment_status":"closed","ping_status":"open","sticky":false,"template":"","format":"standard","meta":{"footnotes":""},"categories":[135],"tags":[],"class_list":["post-2827","post","type-post","status-publish","format-standard","has-post-thumbnail","hentry","category-eventos"],"_links":{"self":[{"href":"https:\/\/unifacp.edu.br\/Home-page\/wp-json\/wp\/v2\/posts\/2827","targetHints":{"allow":["GET"]}}],"collection":[{"href":"https:\/\/unifacp.edu.br\/Home-page\/wp-json\/wp\/v2\/posts"}],"about":[{"href":"https:\/\/unifacp.edu.br\/Home-page\/wp-json\/wp\/v2\/types\/post"}],"author":[{"embeddable":true,"href":"https:\/\/unifacp.edu.br\/Home-page\/wp-json\/wp\/v2\/users\/1"}],"replies":[{"embeddable":true,"href":"https:\/\/unifacp.edu.br\/Home-page\/wp-json\/wp\/v2\/comments?post=2827"}],"version-history":[{"count":0,"href":"https:\/\/unifacp.edu.br\/Home-page\/wp-json\/wp\/v2\/posts\/2827\/revisions"}],"wp:featuredmedia":[{"embeddable":true,"href":"https:\/\/unifacp.edu.br\/Home-page\/wp-json\/wp\/v2\/media\/2828"}],"wp:attachment":[{"href":"https:\/\/unifacp.edu.br\/Home-page\/wp-json\/wp\/v2\/media?parent=2827"}],"wp:term":[{"taxonomy":"category","embeddable":true,"href":"https:\/\/unifacp.edu.br\/Home-page\/wp-json\/wp\/v2\/categories?post=2827"},{"taxonomy":"post_tag","embeddable":true,"href":"https:\/\/unifacp.edu.br\/Home-page\/wp-json\/wp\/v2\/tags?post=2827"}],"curies":[{"name":"wp","href":"https:\/\/api.w.org\/{rel}","templated":true}]}}