{"id":3301,"date":"2025-07-31T19:06:09","date_gmt":"2025-07-31T19:06:09","guid":{"rendered":"https:\/\/unifacp.edu.br\/Home-page\/?p=3301"},"modified":"2025-08-01T14:50:22","modified_gmt":"2025-08-01T14:50:22","slug":"alunos-de-fisioterapia-da-unifacp-tem-tcc-aprovado-para-apresentacao-em-renomado-simposio-da-unicamp","status":"publish","type":"post","link":"https:\/\/unifacp.edu.br\/Home-page\/alunos-de-fisioterapia-da-unifacp-tem-tcc-aprovado-para-apresentacao-em-renomado-simposio-da-unicamp\/","title":{"rendered":"Alunos de Fisioterapia da UNIFACP t\u00eam TCC aprovado para apresenta\u00e7\u00e3o em renomado simp\u00f3sio da Unicamp"},"content":{"rendered":"\t\t<div data-elementor-type=\"wp-post\" data-elementor-id=\"3301\" class=\"elementor elementor-3301\" data-elementor-post-type=\"post\">\n\t\t\t\t<div class=\"elementor-element elementor-element-d63c16d e-con-full e-flex e-con e-parent\" data-id=\"d63c16d\" data-element_type=\"container\" data-e-type=\"container\">\n\t\t<div class=\"elementor-element elementor-element-ecfa550 e-con-full e-flex e-con e-child\" data-id=\"ecfa550\" data-element_type=\"container\" data-e-type=\"container\">\n\t\t\t\t<div class=\"elementor-element elementor-element-09b9d26 elementor-widget elementor-widget-image\" data-id=\"09b9d26\" data-element_type=\"widget\" data-e-type=\"widget\" data-widget_type=\"image.default\">\n\t\t\t\t<div class=\"elementor-widget-container\">\n\t\t\t\t\t\t\t\t\t\t\t\t\t\t\t<img fetchpriority=\"high\" decoding=\"async\" width=\"1280\" height=\"600\" src=\"https:\/\/unifacp.edu.br\/wp-content\/uploads\/2025\/07\/ARTIGO-SITE-TAMANHO-NOVO-3.png\" class=\"attachment-full size-full wp-image-3304\" alt=\"ARTIGO Fisio Post TCC\" srcset=\"https:\/\/unifacp.edu.br\/wp-content\/uploads\/2025\/07\/ARTIGO-SITE-TAMANHO-NOVO-3.png 1280w, https:\/\/unifacp.edu.br\/wp-content\/uploads\/2025\/07\/ARTIGO-SITE-TAMANHO-NOVO-3-300x141.png 300w, https:\/\/unifacp.edu.br\/wp-content\/uploads\/2025\/07\/ARTIGO-SITE-TAMANHO-NOVO-3-1024x480.png 1024w, https:\/\/unifacp.edu.br\/wp-content\/uploads\/2025\/07\/ARTIGO-SITE-TAMANHO-NOVO-3-768x360.png 768w\" sizes=\"(max-width: 1280px) 100vw, 1280px\" \/>\t\t\t\t\t\t\t\t\t\t\t\t\t\t\t<\/div>\n\t\t\t\t<\/div>\n\t\t\t\t<\/div>\n\t\t<div class=\"elementor-element elementor-element-9ae3b6f e-flex e-con-boxed e-con e-child\" data-id=\"9ae3b6f\" data-element_type=\"container\" data-e-type=\"container\">\n\t\t\t\t\t<div class=\"e-con-inner\">\n\t\t\t\t<div class=\"elementor-element elementor-element-dbb1d09 elementor-widget-divider--view-line elementor-widget elementor-widget-divider\" data-id=\"dbb1d09\" data-element_type=\"widget\" data-e-type=\"widget\" data-widget_type=\"divider.default\">\n\t\t\t\t<div class=\"elementor-widget-container\">\n\t\t\t\t\t\t\t<div class=\"elementor-divider\">\n\t\t\t<span class=\"elementor-divider-separator\">\n\t\t\t\t\t\t<\/span>\n\t\t<\/div>\n\t\t\t\t\t\t<\/div>\n\t\t\t\t<\/div>\n\t\t\t\t\t<\/div>\n\t\t\t\t<\/div>\n\t\t<div class=\"elementor-element elementor-element-4660be0 e-flex e-con-boxed e-con e-child\" data-id=\"4660be0\" data-element_type=\"container\" data-e-type=\"container\">\n\t\t\t\t\t<div class=\"e-con-inner\">\n\t\t\t\t<div class=\"elementor-element elementor-element-27556b7 elementor-widget elementor-widget-text-editor\" data-id=\"27556b7\" data-element_type=\"widget\" data-e-type=\"widget\" data-widget_type=\"text-editor.default\">\n\t\t\t\t<div class=\"elementor-widget-container\">\n\t\t\t\t\t\t\t\t\t<h4><strong>Alunos de Fisioterapia da UNIFACP se Destacam com Aprova\u00e7\u00e3o de TCC em Renomado Simp\u00f3sio da Unicamp<\/strong><\/h4><p>Paul\u00ednia, 1 de agosto de 2025 \u2013 O Centro Universit\u00e1rio de Paul\u00ednia (UNIFACP) celebra com grande orgulho a conquista dos estudantes do curso de Fisioterapia, Jo\u00e3o Victor Batista e Let\u00edcia Nayara, que tiveram seu Trabalho de Conclus\u00e3o de Curso (TCC) aprovado para apresenta\u00e7\u00e3o no prestigioso VII Simp\u00f3sio de Fisioterapia em Terapia Intensiva da Unicamp (SFTIU) 2025.<\/p><p>O trabalho, intitulado &#8220;INTERVEN\u00c7\u00d5ES FISIOTERAP\u00caUTICAS PARA OTIMIZA\u00c7\u00c3O DO DESMAME VENTILAT\u00d3RIO EM PACIENTES ADULTOS NA UTI&#8221;, foi desenvolvido sob a dedicada orienta\u00e7\u00e3o conjunta dos professores Dr\u00aa Aline Colares , Prof. Hildebrando Ribeiro e Prof\u00aa Adriana Terra . A pesquisa aborda um tema de extrema relev\u00e2ncia para a pr\u00e1tica cl\u00ednica em Unidades de Terapia Intensiva.<\/p><p>A revis\u00e3o bibliogr\u00e1fica conduzida pelos alunos identificou as abordagens fisioterap\u00eauticas mais eficazes para auxiliar na retirada da ventila\u00e7\u00e3o mec\u00e2nica em pacientes adultos. Os resultados do estudo apontam que estrat\u00e9gias como o treinamento muscular inspirat\u00f3rio (TMI), a reabilita\u00e7\u00e3o precoce e o posicionamento terap\u00eautico s\u00e3o cruciais para o sucesso do desmame, contribuindo para a redu\u00e7\u00e3o do tempo de interna\u00e7\u00e3o e para o fortalecimento da fun\u00e7\u00e3o respirat\u00f3ria.<\/p><p>A aprova\u00e7\u00e3o do TCC para um simp\u00f3sio com a chancela da Unicamp, um dos mais importantes do pa\u00eds na \u00e1rea, evidencia n\u00e3o apenas a qualidade acad\u00eamica e o empenho dos alunos, mas tamb\u00e9m a excel\u00eancia do corpo docente e o compromisso do curso de Fisioterapia da UNIFACP com a pesquisa cient\u00edfica de alto n\u00edvel.<\/p><p>A comunidade acad\u00eamica da UNIFACP parabeniza calorosamente os alunos Jo\u00e3o Victor Batista e Let\u00edcia Nayara por esta importante conquista. A institui\u00e7\u00e3o estende os cumprimentos aos professores orientadores, Dr\u00aa Aline Colares, Prof. Hildebrando Ribeiro e Prof\u00aa Adriana Terra, cujo suporte e mentoria foram fundamentais para o sucesso da pesquisa. Este feito, fruto da colabora\u00e7\u00e3o entre alunos e docentes, refor\u00e7a o padr\u00e3o de excel\u00eancia da UNIFACP e serve de inspira\u00e7\u00e3o para toda a nossa comunidade.<\/p>\t\t\t\t\t\t\t\t<\/div>\n\t\t\t\t<\/div>\n\t\t\t\t\t<\/div>\n\t\t\t\t<\/div>\n\t\t\t\t<\/div>\n\t\t\t\t<\/div>\n\t\t","protected":false},"excerpt":{"rendered":"<p>Alunos de Fisioterapia da UNIFACP se Destacam com Aprova\u00e7\u00e3o de TCC em Renomado Simp\u00f3sio da Unicamp Paul\u00ednia, 1 de agosto de 2025 \u2013 O Centro Universit\u00e1rio de Paul\u00ednia (UNIFACP) celebra com grande orgulho a conquista dos estudantes do curso de Fisioterapia, Jo\u00e3o Victor Batista e Let\u00edcia Nayara, que tiveram seu Trabalho de Conclus\u00e3o de Curso [&hellip;]<\/p>\n","protected":false},"author":1,"featured_media":3302,"comment_status":"closed","ping_status":"open","sticky":false,"template":"","format":"standard","meta":{"footnotes":""},"categories":[135,123],"tags":[],"class_list":["post-3301","post","type-post","status-publish","format-standard","has-post-thumbnail","hentry","category-eventos","category-fisioterapia"],"_links":{"self":[{"href":"https:\/\/unifacp.edu.br\/Home-page\/wp-json\/wp\/v2\/posts\/3301","targetHints":{"allow":["GET"]}}],"collection":[{"href":"https:\/\/unifacp.edu.br\/Home-page\/wp-json\/wp\/v2\/posts"}],"about":[{"href":"https:\/\/unifacp.edu.br\/Home-page\/wp-json\/wp\/v2\/types\/post"}],"author":[{"embeddable":true,"href":"https:\/\/unifacp.edu.br\/Home-page\/wp-json\/wp\/v2\/users\/1"}],"replies":[{"embeddable":true,"href":"https:\/\/unifacp.edu.br\/Home-page\/wp-json\/wp\/v2\/comments?post=3301"}],"version-history":[{"count":0,"href":"https:\/\/unifacp.edu.br\/Home-page\/wp-json\/wp\/v2\/posts\/3301\/revisions"}],"wp:featuredmedia":[{"embeddable":true,"href":"https:\/\/unifacp.edu.br\/Home-page\/wp-json\/wp\/v2\/media\/3302"}],"wp:attachment":[{"href":"https:\/\/unifacp.edu.br\/Home-page\/wp-json\/wp\/v2\/media?parent=3301"}],"wp:term":[{"taxonomy":"category","embeddable":true,"href":"https:\/\/unifacp.edu.br\/Home-page\/wp-json\/wp\/v2\/categories?post=3301"},{"taxonomy":"post_tag","embeddable":true,"href":"https:\/\/unifacp.edu.br\/Home-page\/wp-json\/wp\/v2\/tags?post=3301"}],"curies":[{"name":"wp","href":"https:\/\/api.w.org\/{rel}","templated":true}]}}