{"id":3456,"date":"2025-08-27T17:59:39","date_gmt":"2025-08-27T17:59:39","guid":{"rendered":"https:\/\/unifacp.edu.br\/Home-page\/?p=3456"},"modified":"2025-08-27T18:00:41","modified_gmt":"2025-08-27T18:00:41","slug":"unifacp-e-prefeitura-de-paulinia-formalizam-parceria-estrategica-para-integracao-ensino-saude-com-a-assinatura-do-coapes","status":"publish","type":"post","link":"https:\/\/unifacp.edu.br\/Home-page\/unifacp-e-prefeitura-de-paulinia-formalizam-parceria-estrategica-para-integracao-ensino-saude-com-a-assinatura-do-coapes\/","title":{"rendered":"UNIFACP e Prefeitura de Paul\u00ednia formalizam parceria estrat\u00e9gica para integra\u00e7\u00e3o Ensino-Sa\u00fade com a assinatura do COAPES"},"content":{"rendered":"\t\t<div data-elementor-type=\"wp-post\" data-elementor-id=\"3456\" class=\"elementor elementor-3456\" data-elementor-post-type=\"post\">\n\t\t\t\t<div class=\"elementor-element elementor-element-f267ad6 e-con-full e-flex e-con e-parent\" data-id=\"f267ad6\" data-element_type=\"container\" data-e-type=\"container\">\n\t\t<div class=\"elementor-element elementor-element-e79a0cc e-con-full e-flex e-con e-child\" data-id=\"e79a0cc\" data-element_type=\"container\" data-e-type=\"container\">\n\t\t\t\t<div class=\"elementor-element elementor-element-9c8a2f1 elementor-widget elementor-widget-image\" data-id=\"9c8a2f1\" data-element_type=\"widget\" data-e-type=\"widget\" data-widget_type=\"image.default\">\n\t\t\t\t<div class=\"elementor-widget-container\">\n\t\t\t\t\t\t\t\t\t\t\t\t\t\t\t<img fetchpriority=\"high\" decoding=\"async\" width=\"1280\" height=\"600\" src=\"https:\/\/unifacp.edu.br\/wp-content\/uploads\/2025\/08\/ARTIGO-SITE-TAMANHO-NOVO-2.png\" class=\"attachment-full size-full wp-image-3459\" alt=\"UNIFACP e Prefeitura de Paul\u00ednia formalizam parceria estrat\u00e9gica para integra\u00e7\u00e3o Ensino-Sa\u00fade com a assinatura do COAPES artigo\" srcset=\"https:\/\/unifacp.edu.br\/wp-content\/uploads\/2025\/08\/ARTIGO-SITE-TAMANHO-NOVO-2.png 1280w, https:\/\/unifacp.edu.br\/wp-content\/uploads\/2025\/08\/ARTIGO-SITE-TAMANHO-NOVO-2-300x141.png 300w, https:\/\/unifacp.edu.br\/wp-content\/uploads\/2025\/08\/ARTIGO-SITE-TAMANHO-NOVO-2-1024x480.png 1024w, https:\/\/unifacp.edu.br\/wp-content\/uploads\/2025\/08\/ARTIGO-SITE-TAMANHO-NOVO-2-768x360.png 768w\" sizes=\"(max-width: 1280px) 100vw, 1280px\" \/>\t\t\t\t\t\t\t\t\t\t\t\t\t\t\t<\/div>\n\t\t\t\t<\/div>\n\t\t\t\t<\/div>\n\t\t<div class=\"elementor-element elementor-element-033f4cf e-flex e-con-boxed e-con e-child\" data-id=\"033f4cf\" data-element_type=\"container\" data-e-type=\"container\">\n\t\t\t\t\t<div class=\"e-con-inner\">\n\t\t\t\t<div class=\"elementor-element elementor-element-28a11d6 elementor-widget-divider--view-line elementor-widget elementor-widget-divider\" data-id=\"28a11d6\" data-element_type=\"widget\" data-e-type=\"widget\" data-widget_type=\"divider.default\">\n\t\t\t\t<div class=\"elementor-widget-container\">\n\t\t\t\t\t\t\t<div class=\"elementor-divider\">\n\t\t\t<span class=\"elementor-divider-separator\">\n\t\t\t\t\t\t<\/span>\n\t\t<\/div>\n\t\t\t\t\t\t<\/div>\n\t\t\t\t<\/div>\n\t\t\t\t\t<\/div>\n\t\t\t\t<\/div>\n\t\t<div class=\"elementor-element elementor-element-51e992f e-flex e-con-boxed e-con e-child\" data-id=\"51e992f\" data-element_type=\"container\" data-e-type=\"container\">\n\t\t\t\t\t<div class=\"e-con-inner\">\n\t\t\t\t<div class=\"elementor-element elementor-element-635a2c3 elementor-widget elementor-widget-text-editor\" data-id=\"635a2c3\" data-element_type=\"widget\" data-e-type=\"widget\" data-widget_type=\"text-editor.default\">\n\t\t\t\t<div class=\"elementor-widget-container\">\n\t\t\t\t\t\t\t\t\t<div><b>UNIFACP e Prefeitura de Paul\u00ednia formalizam parceria estrat\u00e9gica para integra\u00e7\u00e3o Ensino-Sa\u00fade com a assinatura do COAPES<\/b><\/div><div>\u00a0<\/div><div><p><b>Paulinia, 27 de agosto de 2025<\/b>\u00a0\u2013 O Centro Universit\u00e1rio de Paul\u00ednia (UNIFACP) celebrou, no \u00faltimo dia 13 de agosto, um marco fundamental para a educa\u00e7\u00e3o superior e para a sa\u00fade p\u00fablica do munic\u00edpio. Em cerim\u00f4nia solene, foi assinado o Contrato Organizativo da A\u00e7\u00e3o P\u00fablica Ensino-Sa\u00fade (COAPES) junto \u00e0 Secretaria Municipal de Sa\u00fade de Paul\u00ednia.<\/p><p>O COAPES \u00e9 um instrumento estrat\u00e9gico que formaliza e fortalece a integra\u00e7\u00e3o entre as institui\u00e7\u00f5es de ensino e a gest\u00e3o do Sistema \u00danico de Sa\u00fade (SUS). A iniciativa visa aprimorar a qualidade da forma\u00e7\u00e3o dos futuros profissionais e, simultaneamente, contribuir para a melhoria cont\u00ednua dos servi\u00e7os de sa\u00fade prestados \u00e0 comunidade.<\/p><p>Com este acordo, os campos de pr\u00e1tica da rede municipal de sa\u00fade s\u00e3o consolidados como cen\u00e1rios de aprendizado, transformando o SUS em uma verdadeira &#8220;Rede Escola&#8221;. Para a UNIFACP, isso representa um avan\u00e7o significativo, alinhando os projetos pedag\u00f3gicos de seus cursos \u00e0s necessidades reais da popula\u00e7\u00e3o local, com base nos princ\u00edpios da Educa\u00e7\u00e3o Permanente em Sa\u00fade.<\/p><p><b>Um Novo Horizonte para a Forma\u00e7\u00e3o em Sa\u00fade na UNIFACP<\/b><\/p><p>A parceria beneficiar\u00e1 diretamente os estudantes dos cursos de\u00a0<b>Fisioterapia, Enfermagem, Psicologia, Nutri\u00e7\u00e3o, Educa\u00e7\u00e3o F\u00edsica e Farm\u00e1cia<\/b>. Os alunos ter\u00e3o os cen\u00e1rios de pr\u00e1tica na rede municipal de sa\u00fade ampliados e qualificados, permitindo uma imers\u00e3o supervisionada na rotina dos servi\u00e7os, o que \u00e9 essencial para o desenvolvimento de compet\u00eancias t\u00e9cnicas, \u00e9ticas e humanas.<\/p><p>Essa viv\u00eancia pr\u00e1tica n\u00e3o apenas enriquece a forma\u00e7\u00e3o acad\u00eamica, mas tamb\u00e9m fomenta a corresponsabilidade social e o entendimento aprofundado sobre o funcionamento e os desafios do sistema p\u00fablico de sa\u00fade.<\/p><p><b>Reconhecimento e Compromisso Institucional<\/b><\/p><p>A concretiza\u00e7\u00e3o desta importante parceria foi poss\u00edvel gra\u00e7as ao empenho e \u00e0 vis\u00e3o colaborativa das gest\u00f5es municipal e acad\u00eamica. A UNIFACP externa seus sinceros agradecimentos \u00e0\u00a0<b>Prefeitura de Paul\u00ednia<\/b>, na pessoa do Prefeito\u00a0<b>Danilo Barros<\/b>, ao Presidente da C\u00e2mara,\u00a0<b>Pedro Bernarde<\/b>, e, em especial, ao Secret\u00e1rio Municipal de Sa\u00fade,\u00a0<b>Dr. Ant\u00f4nio Carlos<\/b>, cujo engajamento foi crucial para a efetiva\u00e7\u00e3o do acordo.<\/p><p>A assinatura do COAPES reafirma o compromisso da UNIFACP com uma educa\u00e7\u00e3o de excel\u00eancia e com o desenvolvimento social de Paul\u00ednia. A institui\u00e7\u00e3o acredita que a forma\u00e7\u00e3o de profissionais de sa\u00fade deve estar intrinsecamente ligada \u00e0 realidade do territ\u00f3rio em que atua, e esta parceria \u00e9 um pilar fundamental para cumprir essa miss\u00e3o com maestria.<\/p><\/div>\t\t\t\t\t\t\t\t<\/div>\n\t\t\t\t<\/div>\n\t\t\t\t\t<\/div>\n\t\t\t\t<\/div>\n\t\t\t\t<\/div>\n\t\t\t\t<\/div>\n\t\t","protected":false},"excerpt":{"rendered":"<p>UNIFACP e Prefeitura de Paul\u00ednia formalizam parceria estrat\u00e9gica para integra\u00e7\u00e3o Ensino-Sa\u00fade com a assinatura do COAPES\u00a0 Paulinia, 27 de agosto de 2025\u00a0\u2013 O Centro Universit\u00e1rio de Paul\u00ednia (UNIFACP) celebrou, no \u00faltimo dia 13 de agosto, um marco fundamental para a educa\u00e7\u00e3o superior e para a sa\u00fade p\u00fablica do munic\u00edpio. Em cerim\u00f4nia solene, foi assinado o [&hellip;]<\/p>\n","protected":false},"author":1,"featured_media":3457,"comment_status":"closed","ping_status":"open","sticky":false,"template":"","format":"standard","meta":{"footnotes":""},"categories":[135,130,129,124,123,121,120],"tags":[],"class_list":["post-3456","post","type-post","status-publish","format-standard","has-post-thumbnail","hentry","category-eventos","category-educacao-fisica","category-enfermagem","category-farmacia","category-fisioterapia","category-nutricao","category-psicologia"],"_links":{"self":[{"href":"https:\/\/unifacp.edu.br\/Home-page\/wp-json\/wp\/v2\/posts\/3456","targetHints":{"allow":["GET"]}}],"collection":[{"href":"https:\/\/unifacp.edu.br\/Home-page\/wp-json\/wp\/v2\/posts"}],"about":[{"href":"https:\/\/unifacp.edu.br\/Home-page\/wp-json\/wp\/v2\/types\/post"}],"author":[{"embeddable":true,"href":"https:\/\/unifacp.edu.br\/Home-page\/wp-json\/wp\/v2\/users\/1"}],"replies":[{"embeddable":true,"href":"https:\/\/unifacp.edu.br\/Home-page\/wp-json\/wp\/v2\/comments?post=3456"}],"version-history":[{"count":0,"href":"https:\/\/unifacp.edu.br\/Home-page\/wp-json\/wp\/v2\/posts\/3456\/revisions"}],"wp:featuredmedia":[{"embeddable":true,"href":"https:\/\/unifacp.edu.br\/Home-page\/wp-json\/wp\/v2\/media\/3457"}],"wp:attachment":[{"href":"https:\/\/unifacp.edu.br\/Home-page\/wp-json\/wp\/v2\/media?parent=3456"}],"wp:term":[{"taxonomy":"category","embeddable":true,"href":"https:\/\/unifacp.edu.br\/Home-page\/wp-json\/wp\/v2\/categories?post=3456"},{"taxonomy":"post_tag","embeddable":true,"href":"https:\/\/unifacp.edu.br\/Home-page\/wp-json\/wp\/v2\/tags?post=3456"}],"curies":[{"name":"wp","href":"https:\/\/api.w.org\/{rel}","templated":true}]}}