{"id":3507,"date":"2025-09-08T15:28:46","date_gmt":"2025-09-08T15:28:46","guid":{"rendered":"https:\/\/unifacp.edu.br\/Home-page\/?p=3507"},"modified":"2025-09-08T15:30:37","modified_gmt":"2025-09-08T15:30:37","slug":"unifacp-realiza-1a-edicao-do-empregos-networking-com-ampla-participacao-de-alunos-e-empresas","status":"publish","type":"post","link":"https:\/\/unifacp.edu.br\/Home-page\/unifacp-realiza-1a-edicao-do-empregos-networking-com-ampla-participacao-de-alunos-e-empresas\/","title":{"rendered":"UNIFACP Realiza 1\u00aa Edi\u00e7\u00e3o do &#8220;Empregos &amp; Networking&#8221; com Ampla Participa\u00e7\u00e3o de Alunos e Empresas\u00a0\u00a0"},"content":{"rendered":"\t\t<div data-elementor-type=\"wp-post\" data-elementor-id=\"3507\" class=\"elementor elementor-3507\" data-elementor-post-type=\"post\">\n\t\t\t\t<div class=\"elementor-element elementor-element-1c3f4ea e-con-full e-flex e-con e-parent\" data-id=\"1c3f4ea\" data-element_type=\"container\" data-e-type=\"container\">\n\t\t<div class=\"elementor-element elementor-element-69618b0 e-con-full e-flex e-con e-child\" data-id=\"69618b0\" data-element_type=\"container\" data-e-type=\"container\">\n\t\t\t\t<div class=\"elementor-element elementor-element-e94f3f3 elementor-widget elementor-widget-image\" data-id=\"e94f3f3\" data-element_type=\"widget\" data-e-type=\"widget\" data-widget_type=\"image.default\">\n\t\t\t\t<div class=\"elementor-widget-container\">\n\t\t\t\t\t\t\t\t\t\t\t\t\t\t\t<img fetchpriority=\"high\" decoding=\"async\" width=\"1280\" height=\"600\" src=\"https:\/\/unifacp.edu.br\/wp-content\/uploads\/2025\/09\/ARTIGO-SITE-TAMANHO-NOVO-3.png\" class=\"attachment-full size-full wp-image-3511\" alt=\"UNIFACP Realiza 1\u00aa Edi\u00e7\u00e3o do &quot;Empregos &amp; Networking&quot; com Ampla Participa\u00e7\u00e3o de Alunos e Empresas Banner\" srcset=\"https:\/\/unifacp.edu.br\/wp-content\/uploads\/2025\/09\/ARTIGO-SITE-TAMANHO-NOVO-3.png 1280w, https:\/\/unifacp.edu.br\/wp-content\/uploads\/2025\/09\/ARTIGO-SITE-TAMANHO-NOVO-3-300x141.png 300w, https:\/\/unifacp.edu.br\/wp-content\/uploads\/2025\/09\/ARTIGO-SITE-TAMANHO-NOVO-3-1024x480.png 1024w, https:\/\/unifacp.edu.br\/wp-content\/uploads\/2025\/09\/ARTIGO-SITE-TAMANHO-NOVO-3-768x360.png 768w\" sizes=\"(max-width: 1280px) 100vw, 1280px\" \/>\t\t\t\t\t\t\t\t\t\t\t\t\t\t\t<\/div>\n\t\t\t\t<\/div>\n\t\t\t\t<\/div>\n\t\t<div class=\"elementor-element elementor-element-f44130e e-flex e-con-boxed e-con e-child\" data-id=\"f44130e\" data-element_type=\"container\" data-e-type=\"container\">\n\t\t\t\t\t<div class=\"e-con-inner\">\n\t\t\t\t<div class=\"elementor-element elementor-element-930df91 elementor-widget-divider--view-line elementor-widget elementor-widget-divider\" data-id=\"930df91\" data-element_type=\"widget\" data-e-type=\"widget\" data-widget_type=\"divider.default\">\n\t\t\t\t<div class=\"elementor-widget-container\">\n\t\t\t\t\t\t\t<div class=\"elementor-divider\">\n\t\t\t<span class=\"elementor-divider-separator\">\n\t\t\t\t\t\t<\/span>\n\t\t<\/div>\n\t\t\t\t\t\t<\/div>\n\t\t\t\t<\/div>\n\t\t\t\t\t<\/div>\n\t\t\t\t<\/div>\n\t\t<div class=\"elementor-element elementor-element-4705e44 e-flex e-con-boxed e-con e-child\" data-id=\"4705e44\" data-element_type=\"container\" data-e-type=\"container\">\n\t\t\t\t\t<div class=\"e-con-inner\">\n\t\t\t\t<div class=\"elementor-element elementor-element-395b7fd elementor-widget elementor-widget-text-editor\" data-id=\"395b7fd\" data-element_type=\"widget\" data-e-type=\"widget\" data-widget_type=\"text-editor.default\">\n\t\t\t\t<div class=\"elementor-widget-container\">\n\t\t\t\t\t\t\t\t\t<p><strong>UNIFACP Realiza 1\u00aa Edi\u00e7\u00e3o do &#8220;Empregos &amp; Networking&#8221; com Ampla Participa\u00e7\u00e3o de Alunos e Empresas\u00a0<\/strong>\u00a0<br \/><br \/>Realizamos, na \u00faltima quarta-feira (03), a primeira edi\u00e7\u00e3o do evento\u00a0<b>Empregos &amp; Networking UNIFACP<\/b>.\u00a0O encontro, sediado no campus da institui\u00e7\u00e3o, teve como objetivo principal conectar estudantes e ex-alunos com empresas e institui\u00e7\u00f5es para a prospec\u00e7\u00e3o de vagas de est\u00e1gio e emprego.<\/p><div>\u00a0<\/div><p>O evento contou com a presen\u00e7a de mais de 15 organiza\u00e7\u00f5es, incluindo a\u00a0<b>OAB &#8211; Subse\u00e7\u00e3o Paul\u00ednia<\/b>, a\u00a0<b>Secretaria Municipal de Inova\u00e7\u00e3o, Tecnologia e Conectividade<\/b>, e empresas como\u00a0<b>EMS<\/b>,\u00a0<b>Bray<\/b>,\u00a0<b>Stratura<\/b>,\u00a0<b>Nube<\/b>,\u00a0<b>Bravo Servi\u00e7os Log\u00edsticos<\/b>\u00a0e\u00a0<b>Supermercado Calegaris<\/b>.\u00a0A estrutura incluiu estandes para a intera\u00e7\u00e3o entre alunos e recrutadores, al\u00e9m de um &#8220;Espa\u00e7o de Apoio ao Candidato&#8221;\u00a0, que ofereceu suporte na revis\u00e3o de curr\u00edculos e orienta\u00e7\u00f5es para processos seletivos.<\/p><div>\u00a0<\/div><p>A programa\u00e7\u00e3o tamb\u00e9m contou com atividades direcionadas, como a palestra e a roda de conversa promovida pela OAB Paul\u00ednia, com foco no in\u00edcio da carreira na advocacia.<\/p><p>O evento registrou alta ades\u00e3o do corpo discente e proporcionou intera\u00e7\u00f5es diretas entre os futuros profissionais e o mercado de trabalho. Devido ao resultado da iniciativa, a UNIFACP anuncia a inten\u00e7\u00e3o de incorporar o &#8220;Empregos &amp; Networking&#8221; ao seu calend\u00e1rio acad\u00eamico anual.<\/p><p><b>Para visualizar as fotos, clique no link abaixo.<\/b><\/p><p><a href=\"https:\/\/drive.google.com\/drive\/folders\/1qjjNzfpzXD7qy42wA53tsRD-0-nMzI-I?usp=sharing\" target=\"_blank\" rel=\"noopener\" data-saferedirecturl=\"https:\/\/www.google.com\/url?q=https:\/\/drive.google.com\/drive\/folders\/1qjjNzfpzXD7qy42wA53tsRD-0-nMzI-I?usp%3Dsharing&amp;source=gmail&amp;ust=1757431547673000&amp;usg=AOvVaw0IlT4Rz98LkAIRByKqHsW9\">https:\/\/drive.google.com\/<wbr \/>drive\/folders\/<wbr \/>1qjjNzfpzXD7qy42wA53tsRD-0-<wbr \/>nMzI-I?usp=sharing<\/a><\/p>\t\t\t\t\t\t\t\t<\/div>\n\t\t\t\t<\/div>\n\t\t\t\t\t<\/div>\n\t\t\t\t<\/div>\n\t\t\t\t<\/div>\n\t\t\t\t<\/div>\n\t\t","protected":false},"excerpt":{"rendered":"<p>UNIFACP Realiza 1\u00aa Edi\u00e7\u00e3o do &#8220;Empregos &amp; Networking&#8221; com Ampla Participa\u00e7\u00e3o de Alunos e Empresas\u00a0\u00a0 Realizamos, na \u00faltima quarta-feira (03), a primeira edi\u00e7\u00e3o do evento\u00a0Empregos &amp; Networking UNIFACP.\u00a0O encontro, sediado no campus da institui\u00e7\u00e3o, teve como objetivo principal conectar estudantes e ex-alunos com empresas e institui\u00e7\u00f5es para a prospec\u00e7\u00e3o de vagas de est\u00e1gio e emprego. [&hellip;]<\/p>\n","protected":false},"author":1,"featured_media":3508,"comment_status":"closed","ping_status":"open","sticky":false,"template":"","format":"standard","meta":{"footnotes":""},"categories":[135],"tags":[],"class_list":["post-3507","post","type-post","status-publish","format-standard","has-post-thumbnail","hentry","category-eventos"],"_links":{"self":[{"href":"https:\/\/unifacp.edu.br\/Home-page\/wp-json\/wp\/v2\/posts\/3507","targetHints":{"allow":["GET"]}}],"collection":[{"href":"https:\/\/unifacp.edu.br\/Home-page\/wp-json\/wp\/v2\/posts"}],"about":[{"href":"https:\/\/unifacp.edu.br\/Home-page\/wp-json\/wp\/v2\/types\/post"}],"author":[{"embeddable":true,"href":"https:\/\/unifacp.edu.br\/Home-page\/wp-json\/wp\/v2\/users\/1"}],"replies":[{"embeddable":true,"href":"https:\/\/unifacp.edu.br\/Home-page\/wp-json\/wp\/v2\/comments?post=3507"}],"version-history":[{"count":0,"href":"https:\/\/unifacp.edu.br\/Home-page\/wp-json\/wp\/v2\/posts\/3507\/revisions"}],"wp:featuredmedia":[{"embeddable":true,"href":"https:\/\/unifacp.edu.br\/Home-page\/wp-json\/wp\/v2\/media\/3508"}],"wp:attachment":[{"href":"https:\/\/unifacp.edu.br\/Home-page\/wp-json\/wp\/v2\/media?parent=3507"}],"wp:term":[{"taxonomy":"category","embeddable":true,"href":"https:\/\/unifacp.edu.br\/Home-page\/wp-json\/wp\/v2\/categories?post=3507"},{"taxonomy":"post_tag","embeddable":true,"href":"https:\/\/unifacp.edu.br\/Home-page\/wp-json\/wp\/v2\/tags?post=3507"}],"curies":[{"name":"wp","href":"https:\/\/api.w.org\/{rel}","templated":true}]}}