{"id":3566,"date":"2025-09-18T18:04:13","date_gmt":"2025-09-18T18:04:13","guid":{"rendered":"https:\/\/unifacp.edu.br\/Home-page\/?p=3566"},"modified":"2025-09-18T18:10:47","modified_gmt":"2025-09-18T18:10:47","slug":"unifacp-participa-da-1a-virada-tecnologica-de-paulinia","status":"publish","type":"post","link":"https:\/\/unifacp.edu.br\/Home-page\/unifacp-participa-da-1a-virada-tecnologica-de-paulinia\/","title":{"rendered":"UNIFACP participa da 1\u00aa Virada Tecnol\u00f3gica de Paul\u00ednia"},"content":{"rendered":"\t\t<div data-elementor-type=\"wp-post\" data-elementor-id=\"3566\" class=\"elementor elementor-3566\" data-elementor-post-type=\"post\">\n\t\t\t\t<div class=\"elementor-element elementor-element-6d97b8f e-con-full e-flex e-con e-parent\" data-id=\"6d97b8f\" data-element_type=\"container\" data-e-type=\"container\">\n\t\t<div class=\"elementor-element elementor-element-521e885 e-con-full e-flex e-con e-child\" data-id=\"521e885\" data-element_type=\"container\" data-e-type=\"container\">\n\t\t\t\t<div class=\"elementor-element elementor-element-a5060d3 elementor-widget elementor-widget-image\" data-id=\"a5060d3\" data-element_type=\"widget\" data-e-type=\"widget\" data-widget_type=\"image.default\">\n\t\t\t\t<div class=\"elementor-widget-container\">\n\t\t\t\t\t\t\t\t\t\t\t\t\t\t\t<img fetchpriority=\"high\" decoding=\"async\" width=\"1280\" height=\"600\" src=\"https:\/\/unifacp.edu.br\/wp-content\/uploads\/2025\/09\/ARTIGO-SITE-TAMANHO-NOVO-5.png\" class=\"attachment-full size-full wp-image-3570\" alt=\"UNIFACP participa da 1\u00aa Virada Tecnol\u00f3gica de Paul\u00ednia\" srcset=\"https:\/\/unifacp.edu.br\/wp-content\/uploads\/2025\/09\/ARTIGO-SITE-TAMANHO-NOVO-5.png 1280w, https:\/\/unifacp.edu.br\/wp-content\/uploads\/2025\/09\/ARTIGO-SITE-TAMANHO-NOVO-5-300x141.png 300w, https:\/\/unifacp.edu.br\/wp-content\/uploads\/2025\/09\/ARTIGO-SITE-TAMANHO-NOVO-5-1024x480.png 1024w, https:\/\/unifacp.edu.br\/wp-content\/uploads\/2025\/09\/ARTIGO-SITE-TAMANHO-NOVO-5-768x360.png 768w\" sizes=\"(max-width: 1280px) 100vw, 1280px\" \/>\t\t\t\t\t\t\t\t\t\t\t\t\t\t\t<\/div>\n\t\t\t\t<\/div>\n\t\t\t\t<\/div>\n\t\t<div class=\"elementor-element elementor-element-4ad1fb7 e-flex e-con-boxed e-con e-child\" data-id=\"4ad1fb7\" data-element_type=\"container\" data-e-type=\"container\">\n\t\t\t\t\t<div class=\"e-con-inner\">\n\t\t\t\t<div class=\"elementor-element elementor-element-84ec74d elementor-widget-divider--view-line elementor-widget elementor-widget-divider\" data-id=\"84ec74d\" data-element_type=\"widget\" data-e-type=\"widget\" data-widget_type=\"divider.default\">\n\t\t\t\t<div class=\"elementor-widget-container\">\n\t\t\t\t\t\t\t<div class=\"elementor-divider\">\n\t\t\t<span class=\"elementor-divider-separator\">\n\t\t\t\t\t\t<\/span>\n\t\t<\/div>\n\t\t\t\t\t\t<\/div>\n\t\t\t\t<\/div>\n\t\t\t\t\t<\/div>\n\t\t\t\t<\/div>\n\t\t<div class=\"elementor-element elementor-element-e097b25 e-flex e-con-boxed e-con e-child\" data-id=\"e097b25\" data-element_type=\"container\" data-e-type=\"container\">\n\t\t\t\t\t<div class=\"e-con-inner\">\n\t\t\t\t<div class=\"elementor-element elementor-element-0e36ced elementor-widget elementor-widget-text-editor\" data-id=\"0e36ced\" data-element_type=\"widget\" data-e-type=\"widget\" data-widget_type=\"text-editor.default\">\n\t\t\t\t<div class=\"elementor-widget-container\">\n\t\t\t\t\t\t\t\t\t<h2>UNIFACP participa da 1\u00aa Virada Tecnol\u00f3gica de Paul\u00ednia<\/h2><p>A UNIFACP marcou presen\u00e7a na\u00a0<strong>1\u00aa Virada Tecnol\u00f3gica de Paul\u00ednia<\/strong>, realizada nos dias\u00a0<strong>11 e 12 de setembro de 2025<\/strong>, no Pa\u00e7o Municipal. O evento, promovido pela\u00a0<strong>Prefeitura Municipal de Paul\u00ednia<\/strong>, por meio da\u00a0<strong>Secretaria de Inova\u00e7\u00e3o, Tecnologia e Conectividade (SMITC)<\/strong>, reuniu empresas, institui\u00e7\u00f5es de ensino, estudantes e a comunidade em experi\u00eancias imersivas e transformadoras no campo da\u00a0<strong>inova\u00e7\u00e3o, tecnologia, conectividade, empreendedorismo e cidadania digital<\/strong>.<\/p><p>Durante a feira, a UNIFACP esteve representada pelos cursos de\u00a0<strong>Engenharia Mec\u00e2nica<\/strong>\u00a0e\u00a0<strong>Engenharia Qu\u00edmica<\/strong>, sob a coordena\u00e7\u00e3o do\u00a0<strong>Prof. Me. Strauss Sydio de Souza<\/strong>\u00a0e da\u00a0<strong>Prof.\u00aa Dra. Elisangela Orlandi<\/strong>, que acompanharam e orientaram os alunos na apresenta\u00e7\u00e3o de seus experimentos e projetos acad\u00eamicos.<\/p><p>A participa\u00e7\u00e3o foi marcada pela intera\u00e7\u00e3o com o p\u00fablico, que p\u00f4de conhecer de perto iniciativas voltadas ao desenvolvimento cient\u00edfico e tecnol\u00f3gico, al\u00e9m de compreender melhor a import\u00e2ncia da\u00a0<strong>ci\u00eancia aplicada \u00e0 constru\u00e7\u00e3o de solu\u00e7\u00f5es sustent\u00e1veis<\/strong>\u00a0para os desafios do futuro.<\/p><p>A UNIFACP agradece e parabeniza seus\u00a0<strong>alunos<\/strong>, que se dedicaram em levar conhecimento e inova\u00e7\u00e3o para a comunidade, demonstrando na pr\u00e1tica o impacto positivo da educa\u00e7\u00e3o superior de qualidade.<\/p><p>Reiteramos tamb\u00e9m nosso agradecimento \u00e0\u00a0<strong>Prefeitura de Paul\u00ednia<\/strong>\u00a0e a toda equipe organizadora do evento, que proporcionaram um espa\u00e7o de troca, aprendizado e valoriza\u00e7\u00e3o da ci\u00eancia e da tecnologia em nossa cidade.<\/p>\t\t\t\t\t\t\t\t<\/div>\n\t\t\t\t<\/div>\n\t\t\t\t\t<\/div>\n\t\t\t\t<\/div>\n\t\t\t\t<\/div>\n\t\t\t\t<\/div>\n\t\t","protected":false},"excerpt":{"rendered":"<p>UNIFACP participa da 1\u00aa Virada Tecnol\u00f3gica de Paul\u00ednia A UNIFACP marcou presen\u00e7a na\u00a01\u00aa Virada Tecnol\u00f3gica de Paul\u00ednia, realizada nos dias\u00a011 e 12 de setembro de 2025, no Pa\u00e7o Municipal. O evento, promovido pela\u00a0Prefeitura Municipal de Paul\u00ednia, por meio da\u00a0Secretaria de Inova\u00e7\u00e3o, Tecnologia e Conectividade (SMITC), reuniu empresas, institui\u00e7\u00f5es de ensino, estudantes e a comunidade em [&hellip;]<\/p>\n","protected":false},"author":1,"featured_media":3568,"comment_status":"closed","ping_status":"open","sticky":false,"template":"","format":"standard","meta":{"footnotes":""},"categories":[135],"tags":[],"class_list":["post-3566","post","type-post","status-publish","format-standard","has-post-thumbnail","hentry","category-eventos"],"_links":{"self":[{"href":"https:\/\/unifacp.edu.br\/Home-page\/wp-json\/wp\/v2\/posts\/3566","targetHints":{"allow":["GET"]}}],"collection":[{"href":"https:\/\/unifacp.edu.br\/Home-page\/wp-json\/wp\/v2\/posts"}],"about":[{"href":"https:\/\/unifacp.edu.br\/Home-page\/wp-json\/wp\/v2\/types\/post"}],"author":[{"embeddable":true,"href":"https:\/\/unifacp.edu.br\/Home-page\/wp-json\/wp\/v2\/users\/1"}],"replies":[{"embeddable":true,"href":"https:\/\/unifacp.edu.br\/Home-page\/wp-json\/wp\/v2\/comments?post=3566"}],"version-history":[{"count":0,"href":"https:\/\/unifacp.edu.br\/Home-page\/wp-json\/wp\/v2\/posts\/3566\/revisions"}],"wp:featuredmedia":[{"embeddable":true,"href":"https:\/\/unifacp.edu.br\/Home-page\/wp-json\/wp\/v2\/media\/3568"}],"wp:attachment":[{"href":"https:\/\/unifacp.edu.br\/Home-page\/wp-json\/wp\/v2\/media?parent=3566"}],"wp:term":[{"taxonomy":"category","embeddable":true,"href":"https:\/\/unifacp.edu.br\/Home-page\/wp-json\/wp\/v2\/categories?post=3566"},{"taxonomy":"post_tag","embeddable":true,"href":"https:\/\/unifacp.edu.br\/Home-page\/wp-json\/wp\/v2\/tags?post=3566"}],"curies":[{"name":"wp","href":"https:\/\/api.w.org\/{rel}","templated":true}]}}