{"id":3575,"date":"2025-09-22T15:55:21","date_gmt":"2025-09-22T15:55:21","guid":{"rendered":"https:\/\/unifacp.edu.br\/Home-page\/?p=3575"},"modified":"2025-09-22T15:57:09","modified_gmt":"2025-09-22T15:57:09","slug":"unifacp-da-inicio-ao-estagio-supervisionado-de-farmacia-na-ubs-centro-de-paulinia","status":"publish","type":"post","link":"https:\/\/unifacp.edu.br\/Home-page\/unifacp-da-inicio-ao-estagio-supervisionado-de-farmacia-na-ubs-centro-de-paulinia\/","title":{"rendered":"UNIFACP d\u00e1 in\u00edcio ao est\u00e1gio supervisionado de Farm\u00e1cia na UBS Centro de Paul\u00ednia"},"content":{"rendered":"\t\t<div data-elementor-type=\"wp-post\" data-elementor-id=\"3575\" class=\"elementor elementor-3575\" data-elementor-post-type=\"post\">\n\t\t\t\t<div class=\"elementor-element elementor-element-c2d46e9 e-con-full e-flex e-con e-parent\" data-id=\"c2d46e9\" data-element_type=\"container\" data-e-type=\"container\">\n\t\t<div class=\"elementor-element elementor-element-c2caa52 e-con-full e-flex e-con e-child\" data-id=\"c2caa52\" data-element_type=\"container\" data-e-type=\"container\">\n\t\t\t\t<div class=\"elementor-element elementor-element-abdd4f5 elementor-widget elementor-widget-image\" data-id=\"abdd4f5\" data-element_type=\"widget\" data-e-type=\"widget\" data-widget_type=\"image.default\">\n\t\t\t\t<div class=\"elementor-widget-container\">\n\t\t\t\t\t\t\t\t\t\t\t\t\t\t\t<img fetchpriority=\"high\" decoding=\"async\" width=\"1280\" height=\"600\" src=\"https:\/\/unifacp.edu.br\/wp-content\/uploads\/2025\/09\/ARTIGO-SITE-TAMANHO-NOVO-6.png\" class=\"attachment-full size-full wp-image-3578\" alt=\"UNIFACP d\u00e1 in\u00edcio ao est\u00e1gio supervisionado de Farm\u00e1cia na UBS Centro de Paul\u00ednia\" srcset=\"https:\/\/unifacp.edu.br\/wp-content\/uploads\/2025\/09\/ARTIGO-SITE-TAMANHO-NOVO-6.png 1280w, https:\/\/unifacp.edu.br\/wp-content\/uploads\/2025\/09\/ARTIGO-SITE-TAMANHO-NOVO-6-300x141.png 300w, https:\/\/unifacp.edu.br\/wp-content\/uploads\/2025\/09\/ARTIGO-SITE-TAMANHO-NOVO-6-1024x480.png 1024w, https:\/\/unifacp.edu.br\/wp-content\/uploads\/2025\/09\/ARTIGO-SITE-TAMANHO-NOVO-6-768x360.png 768w\" sizes=\"(max-width: 1280px) 100vw, 1280px\" \/>\t\t\t\t\t\t\t\t\t\t\t\t\t\t\t<\/div>\n\t\t\t\t<\/div>\n\t\t\t\t<\/div>\n\t\t<div class=\"elementor-element elementor-element-ea73cb0 e-flex e-con-boxed e-con e-child\" data-id=\"ea73cb0\" data-element_type=\"container\" data-e-type=\"container\">\n\t\t\t\t\t<div class=\"e-con-inner\">\n\t\t\t\t<div class=\"elementor-element elementor-element-bce923f elementor-widget-divider--view-line elementor-widget elementor-widget-divider\" data-id=\"bce923f\" data-element_type=\"widget\" data-e-type=\"widget\" data-widget_type=\"divider.default\">\n\t\t\t\t<div class=\"elementor-widget-container\">\n\t\t\t\t\t\t\t<div class=\"elementor-divider\">\n\t\t\t<span class=\"elementor-divider-separator\">\n\t\t\t\t\t\t<\/span>\n\t\t<\/div>\n\t\t\t\t\t\t<\/div>\n\t\t\t\t<\/div>\n\t\t\t\t\t<\/div>\n\t\t\t\t<\/div>\n\t\t<div class=\"elementor-element elementor-element-29a4d2f e-flex e-con-boxed e-con e-child\" data-id=\"29a4d2f\" data-element_type=\"container\" data-e-type=\"container\">\n\t\t\t\t\t<div class=\"e-con-inner\">\n\t\t\t\t<div class=\"elementor-element elementor-element-75471dc elementor-widget elementor-widget-text-editor\" data-id=\"75471dc\" data-element_type=\"widget\" data-e-type=\"widget\" data-widget_type=\"text-editor.default\">\n\t\t\t\t<div class=\"elementor-widget-container\">\n\t\t\t\t\t\t\t\t\t<h1>UNIFACP d\u00e1 in\u00edcio ao est\u00e1gio supervisionado de Farm\u00e1cia na UBS Centro de Paul\u00ednia<\/h1><p>No dia 11 de setembro, aconteceu a primeira reuni\u00e3o oficial de boas-vindas organizada pela Prefeitura Municipal de Paul\u00ednia para os alunos do curso de Farm\u00e1cia da UNIFACP. O encontro, realizado na Unidade B\u00e1sica de Sa\u00fade (UBS) Centro, marcou o in\u00edcio das atividades pr\u00e1ticas dos estudantes no est\u00e1gio supervisionado.<\/p><p>A reuni\u00e3o teve como objetivo alinhar as diretrizes do est\u00e1gio e apresentar aos futuros farmac\u00eauticos a rotina e a din\u00e2mica de trabalho da UBS. Os alunos ter\u00e3o a oportunidade de vivenciar a pr\u00e1tica profissional de forma integrada ao servi\u00e7o de sa\u00fade, atuando em diferentes dias da semana, de segunda a sexta-feira, sob orienta\u00e7\u00e3o da equipe local.<\/p><p>Essa parceria entre a UNIFACP e a Prefeitura de Paul\u00ednia fortalece a forma\u00e7\u00e3o acad\u00eamica dos estudantes, ao mesmo tempo em que contribui para a melhoria da assist\u00eancia prestada \u00e0 popula\u00e7\u00e3o. Al\u00e9m do aprendizado t\u00e9cnico e cient\u00edfico, os alunos ter\u00e3o a chance de desenvolver habilidades interpessoais e compreender a import\u00e2ncia da atua\u00e7\u00e3o do farmac\u00eautico no contexto do Sistema \u00danico de Sa\u00fade (SUS).<\/p><p>A UNIFACP reafirma seu compromisso com a forma\u00e7\u00e3o de profissionais qualificados, preparados para atender \u00e0s demandas do mercado de trabalho e da sociedade. Experi\u00eancias como essa s\u00e3o fundamentais para aproximar a teoria da pr\u00e1tica e consolidar a miss\u00e3o da institui\u00e7\u00e3o de oferecer uma educa\u00e7\u00e3o de excel\u00eancia.<\/p>\t\t\t\t\t\t\t\t<\/div>\n\t\t\t\t<\/div>\n\t\t\t\t\t<\/div>\n\t\t\t\t<\/div>\n\t\t\t\t<\/div>\n\t\t\t\t<\/div>\n\t\t","protected":false},"excerpt":{"rendered":"<p>UNIFACP d\u00e1 in\u00edcio ao est\u00e1gio supervisionado de Farm\u00e1cia na UBS Centro de Paul\u00ednia No dia 11 de setembro, aconteceu a primeira reuni\u00e3o oficial de boas-vindas organizada pela Prefeitura Municipal de Paul\u00ednia para os alunos do curso de Farm\u00e1cia da UNIFACP. O encontro, realizado na Unidade B\u00e1sica de Sa\u00fade (UBS) Centro, marcou o in\u00edcio das atividades [&hellip;]<\/p>\n","protected":false},"author":1,"featured_media":3576,"comment_status":"closed","ping_status":"open","sticky":false,"template":"","format":"standard","meta":{"footnotes":""},"categories":[135,124],"tags":[],"class_list":["post-3575","post","type-post","status-publish","format-standard","has-post-thumbnail","hentry","category-eventos","category-farmacia"],"_links":{"self":[{"href":"https:\/\/unifacp.edu.br\/Home-page\/wp-json\/wp\/v2\/posts\/3575","targetHints":{"allow":["GET"]}}],"collection":[{"href":"https:\/\/unifacp.edu.br\/Home-page\/wp-json\/wp\/v2\/posts"}],"about":[{"href":"https:\/\/unifacp.edu.br\/Home-page\/wp-json\/wp\/v2\/types\/post"}],"author":[{"embeddable":true,"href":"https:\/\/unifacp.edu.br\/Home-page\/wp-json\/wp\/v2\/users\/1"}],"replies":[{"embeddable":true,"href":"https:\/\/unifacp.edu.br\/Home-page\/wp-json\/wp\/v2\/comments?post=3575"}],"version-history":[{"count":0,"href":"https:\/\/unifacp.edu.br\/Home-page\/wp-json\/wp\/v2\/posts\/3575\/revisions"}],"wp:featuredmedia":[{"embeddable":true,"href":"https:\/\/unifacp.edu.br\/Home-page\/wp-json\/wp\/v2\/media\/3576"}],"wp:attachment":[{"href":"https:\/\/unifacp.edu.br\/Home-page\/wp-json\/wp\/v2\/media?parent=3575"}],"wp:term":[{"taxonomy":"category","embeddable":true,"href":"https:\/\/unifacp.edu.br\/Home-page\/wp-json\/wp\/v2\/categories?post=3575"},{"taxonomy":"post_tag","embeddable":true,"href":"https:\/\/unifacp.edu.br\/Home-page\/wp-json\/wp\/v2\/tags?post=3575"}],"curies":[{"name":"wp","href":"https:\/\/api.w.org\/{rel}","templated":true}]}}