{"id":3582,"date":"2025-09-22T16:00:17","date_gmt":"2025-09-22T16:00:17","guid":{"rendered":"https:\/\/unifacp.edu.br\/Home-page\/?p=3582"},"modified":"2025-09-22T16:03:38","modified_gmt":"2025-09-22T16:03:38","slug":"celebrando-a-saude-e-a-ciencia-unifacp-realiza-evento-especial-para-o-dia-internacional-do-farmaceutico","status":"publish","type":"post","link":"https:\/\/unifacp.edu.br\/Home-page\/celebrando-a-saude-e-a-ciencia-unifacp-realiza-evento-especial-para-o-dia-internacional-do-farmaceutico\/","title":{"rendered":"Celebrando a Sa\u00fade e a Ci\u00eancia: UNIFACP Realiza Evento Especial para o Dia Internacional do Farmac\u00eautico"},"content":{"rendered":"\t\t<div data-elementor-type=\"wp-post\" data-elementor-id=\"3582\" class=\"elementor elementor-3582\" data-elementor-post-type=\"post\">\n\t\t\t\t<div class=\"elementor-element elementor-element-66ec610 e-con-full e-flex e-con e-parent\" data-id=\"66ec610\" data-element_type=\"container\" data-e-type=\"container\">\n\t\t<div class=\"elementor-element elementor-element-d194b46 e-con-full e-flex e-con e-child\" data-id=\"d194b46\" data-element_type=\"container\" data-e-type=\"container\">\n\t\t\t\t<div class=\"elementor-element elementor-element-509b01c elementor-widget elementor-widget-image\" data-id=\"509b01c\" data-element_type=\"widget\" data-e-type=\"widget\" data-widget_type=\"image.default\">\n\t\t\t\t<div class=\"elementor-widget-container\">\n\t\t\t\t\t\t\t\t\t\t\t\t\t\t\t<img fetchpriority=\"high\" decoding=\"async\" width=\"1280\" height=\"600\" src=\"https:\/\/unifacp.edu.br\/wp-content\/uploads\/2025\/09\/ARTIGO-SITE-TAMANHO-NOVO-7.png\" class=\"attachment-full size-full wp-image-3586\" alt=\"Celebrando a Sa\u00fade e a Ci\u00eancia: UNIFACP Realiza Evento Especial para o Dia Internacional do Farmac\u00eautico\" srcset=\"https:\/\/unifacp.edu.br\/wp-content\/uploads\/2025\/09\/ARTIGO-SITE-TAMANHO-NOVO-7.png 1280w, https:\/\/unifacp.edu.br\/wp-content\/uploads\/2025\/09\/ARTIGO-SITE-TAMANHO-NOVO-7-300x141.png 300w, https:\/\/unifacp.edu.br\/wp-content\/uploads\/2025\/09\/ARTIGO-SITE-TAMANHO-NOVO-7-1024x480.png 1024w, https:\/\/unifacp.edu.br\/wp-content\/uploads\/2025\/09\/ARTIGO-SITE-TAMANHO-NOVO-7-768x360.png 768w\" sizes=\"(max-width: 1280px) 100vw, 1280px\" \/>\t\t\t\t\t\t\t\t\t\t\t\t\t\t\t<\/div>\n\t\t\t\t<\/div>\n\t\t\t\t<\/div>\n\t\t<div class=\"elementor-element elementor-element-e0c5e8c e-flex e-con-boxed e-con e-child\" data-id=\"e0c5e8c\" data-element_type=\"container\" data-e-type=\"container\">\n\t\t\t\t\t<div class=\"e-con-inner\">\n\t\t\t\t<div class=\"elementor-element elementor-element-b86a581 elementor-widget-divider--view-line elementor-widget elementor-widget-divider\" data-id=\"b86a581\" data-element_type=\"widget\" data-e-type=\"widget\" data-widget_type=\"divider.default\">\n\t\t\t\t<div class=\"elementor-widget-container\">\n\t\t\t\t\t\t\t<div class=\"elementor-divider\">\n\t\t\t<span class=\"elementor-divider-separator\">\n\t\t\t\t\t\t<\/span>\n\t\t<\/div>\n\t\t\t\t\t\t<\/div>\n\t\t\t\t<\/div>\n\t\t\t\t\t<\/div>\n\t\t\t\t<\/div>\n\t\t<div class=\"elementor-element elementor-element-b1c409d e-flex e-con-boxed e-con e-child\" data-id=\"b1c409d\" data-element_type=\"container\" data-e-type=\"container\">\n\t\t\t\t\t<div class=\"e-con-inner\">\n\t\t\t\t<div class=\"elementor-element elementor-element-0d0be60 elementor-widget elementor-widget-text-editor\" data-id=\"0d0be60\" data-element_type=\"widget\" data-e-type=\"widget\" data-widget_type=\"text-editor.default\">\n\t\t\t\t<div class=\"elementor-widget-container\">\n\t\t\t\t\t\t\t\t\t<h3>Celebrando a Sa\u00fade e a Ci\u00eancia: UNIFACP Realiza Evento Especial para o Dia Internacional do Farmac\u00eautico<\/h3><p>No Dia Internacional do Farmac\u00eautico, comemorado anualmente em 25 de setembro, a UNIFACP celebra a profiss\u00e3o com um evento especial. Este ano, a Federa\u00e7\u00e3o Internacional Farmac\u00eautica (FIP) anunciou o tema\u00a0<b>&#8220;Pense em Sa\u00fade, Pense Farmac\u00eautico&#8221;<\/b>, destacando a import\u00e2ncia crucial desses profissionais na promo\u00e7\u00e3o do bem-estar global.<\/p><p>Para marcar a data, a UNIFACP vai realizar uma palestra com a\u00a0<b>Dra. N\u00e1dia Baggio Ratti<\/b>. Ela \u00e9 uma profissional com um curr\u00edculo impressionante e uma vasta experi\u00eancia que a torna a pessoa ideal para falar sobre o tema. A Dra. N\u00e1dia \u00e9\u00a0<b>Farmac\u00eautica na Prefeitura de Paul\u00ednia desde 2015<\/b>\u00a0e possui uma s\u00f3lida forma\u00e7\u00e3o acad\u00eamica: ela \u00e9\u00a0<b>graduada em Farm\u00e1cia pela Universidade Estadual de Maring\u00e1 (UEM)<\/b>, com\u00a0<b>especializa\u00e7\u00e3o em Farmacologia Aplicada \u00e0 Terap\u00eautica pela UEM<\/b>\u00a0e\u00a0<b>Mestrado em Sa\u00fade Coletiva pela Faculdade de Medicina da UNICAMP<\/b>. Atualmente, ela \u00e9\u00a0<b>doutoranda em Sa\u00fade Coletiva pela FCM UNICAMP<\/b>.<\/p><p>Com todo esse conhecimento e experi\u00eancia, a Dra. N\u00e1dia trar\u00e1 uma vis\u00e3o completa e aprofundada sobre como os farmac\u00eauticos s\u00e3o essenciais em todas as etapas do cuidado com a sa\u00fade, desde a pesquisa at\u00e9 o atendimento direto \u00e0 popula\u00e7\u00e3o. O evento \u00e9 uma chance de entender melhor o papel do farmac\u00eautico na constru\u00e7\u00e3o de comunidades mais saud\u00e1veis.<\/p><p><b>Participe e celebre conosco o Dia Internacional do Farmac\u00eautico!<\/b><\/p><ul><li><p><b>Palestrante:<\/b>\u00a0Dra. N\u00e1dia Baggio Ratti<\/p><\/li><li><p><b>Tema:<\/b>\u00a0&#8220;Pense em Sa\u00fade, Pense Farmac\u00eautico&#8221;<\/p><\/li><li><p><b>Data:<\/b>\u00a025 de setembro<\/p><\/li><li><p><b>Hor\u00e1rio:<\/b>\u00a019h<\/p><\/li><li><p><b>Local:<\/b>\u00a0Audit\u00f3rio do Cosmos, UNIFACP<\/p><\/li><\/ul>\t\t\t\t\t\t\t\t<\/div>\n\t\t\t\t<\/div>\n\t\t\t\t\t<\/div>\n\t\t\t\t<\/div>\n\t\t<div class=\"elementor-element elementor-element-067c3f3 e-flex e-con-boxed e-con e-child\" data-id=\"067c3f3\" data-element_type=\"container\" data-e-type=\"container\">\n\t\t\t\t\t<div class=\"e-con-inner\">\n\t\t\t\t<div class=\"elementor-element elementor-element-c4291fb elementor-widget elementor-widget-image\" data-id=\"c4291fb\" data-element_type=\"widget\" data-e-type=\"widget\" data-widget_type=\"image.default\">\n\t\t\t\t<div class=\"elementor-widget-container\">\n\t\t\t\t\t\t\t\t\t\t\t\t\t\t\t<img decoding=\"async\" width=\"800\" height=\"666\" src=\"https:\/\/unifacp.edu.br\/wp-content\/uploads\/2025\/09\/FOTO-PARA-COLOCAR-NA-PAGINA-DA-NOTICIA-1024x853.png\" class=\"attachment-large size-large wp-image-3587\" alt=\"\" srcset=\"https:\/\/unifacp.edu.br\/wp-content\/uploads\/2025\/09\/FOTO-PARA-COLOCAR-NA-PAGINA-DA-NOTICIA-1024x853.png 1024w, https:\/\/unifacp.edu.br\/wp-content\/uploads\/2025\/09\/FOTO-PARA-COLOCAR-NA-PAGINA-DA-NOTICIA-300x250.png 300w, https:\/\/unifacp.edu.br\/wp-content\/uploads\/2025\/09\/FOTO-PARA-COLOCAR-NA-PAGINA-DA-NOTICIA-768x640.png 768w, https:\/\/unifacp.edu.br\/wp-content\/uploads\/2025\/09\/FOTO-PARA-COLOCAR-NA-PAGINA-DA-NOTICIA.png 1080w\" sizes=\"(max-width: 800px) 100vw, 800px\" \/>\t\t\t\t\t\t\t\t\t\t\t\t\t\t\t<\/div>\n\t\t\t\t<\/div>\n\t\t\t\t\t<\/div>\n\t\t\t\t<\/div>\n\t\t\t\t<\/div>\n\t\t\t\t<\/div>\n\t\t","protected":false},"excerpt":{"rendered":"<p>Celebrando a Sa\u00fade e a Ci\u00eancia: UNIFACP Realiza Evento Especial para o Dia Internacional do Farmac\u00eautico No Dia Internacional do Farmac\u00eautico, comemorado anualmente em 25 de setembro, a UNIFACP celebra a profiss\u00e3o com um evento especial. Este ano, a Federa\u00e7\u00e3o Internacional Farmac\u00eautica (FIP) anunciou o tema\u00a0&#8220;Pense em Sa\u00fade, Pense Farmac\u00eautico&#8221;, destacando a import\u00e2ncia crucial desses [&hellip;]<\/p>\n","protected":false},"author":1,"featured_media":3583,"comment_status":"closed","ping_status":"open","sticky":false,"template":"","format":"standard","meta":{"footnotes":""},"categories":[135,124],"tags":[],"class_list":["post-3582","post","type-post","status-publish","format-standard","has-post-thumbnail","hentry","category-eventos","category-farmacia"],"_links":{"self":[{"href":"https:\/\/unifacp.edu.br\/Home-page\/wp-json\/wp\/v2\/posts\/3582","targetHints":{"allow":["GET"]}}],"collection":[{"href":"https:\/\/unifacp.edu.br\/Home-page\/wp-json\/wp\/v2\/posts"}],"about":[{"href":"https:\/\/unifacp.edu.br\/Home-page\/wp-json\/wp\/v2\/types\/post"}],"author":[{"embeddable":true,"href":"https:\/\/unifacp.edu.br\/Home-page\/wp-json\/wp\/v2\/users\/1"}],"replies":[{"embeddable":true,"href":"https:\/\/unifacp.edu.br\/Home-page\/wp-json\/wp\/v2\/comments?post=3582"}],"version-history":[{"count":0,"href":"https:\/\/unifacp.edu.br\/Home-page\/wp-json\/wp\/v2\/posts\/3582\/revisions"}],"wp:featuredmedia":[{"embeddable":true,"href":"https:\/\/unifacp.edu.br\/Home-page\/wp-json\/wp\/v2\/media\/3583"}],"wp:attachment":[{"href":"https:\/\/unifacp.edu.br\/Home-page\/wp-json\/wp\/v2\/media?parent=3582"}],"wp:term":[{"taxonomy":"category","embeddable":true,"href":"https:\/\/unifacp.edu.br\/Home-page\/wp-json\/wp\/v2\/categories?post=3582"},{"taxonomy":"post_tag","embeddable":true,"href":"https:\/\/unifacp.edu.br\/Home-page\/wp-json\/wp\/v2\/tags?post=3582"}],"curies":[{"name":"wp","href":"https:\/\/api.w.org\/{rel}","templated":true}]}}