{"id":3594,"date":"2025-09-22T16:28:11","date_gmt":"2025-09-22T16:28:11","guid":{"rendered":"https:\/\/unifacp.edu.br\/Home-page\/?p=3594"},"modified":"2025-09-22T16:31:11","modified_gmt":"2025-09-22T16:31:11","slug":"alunos-de-fisioterapia-da-unifacp-apresentam-tcc-em-simposio-da-unicamp","status":"publish","type":"post","link":"https:\/\/unifacp.edu.br\/Home-page\/alunos-de-fisioterapia-da-unifacp-apresentam-tcc-em-simposio-da-unicamp\/","title":{"rendered":"Alunos de Fisioterapia da UNIFACP apresentam TCC em Simp\u00f3sio da Unicamp"},"content":{"rendered":"\t\t<div data-elementor-type=\"wp-post\" data-elementor-id=\"3594\" class=\"elementor elementor-3594\" data-elementor-post-type=\"post\">\n\t\t\t\t<div class=\"elementor-element elementor-element-4737c75 e-con-full e-flex e-con e-parent\" data-id=\"4737c75\" data-element_type=\"container\" data-e-type=\"container\">\n\t\t<div class=\"elementor-element elementor-element-4af8add e-con-full e-flex e-con e-child\" data-id=\"4af8add\" data-element_type=\"container\" data-e-type=\"container\">\n\t\t\t\t<div class=\"elementor-element elementor-element-8583631 elementor-widget elementor-widget-image\" data-id=\"8583631\" data-element_type=\"widget\" data-e-type=\"widget\" data-widget_type=\"image.default\">\n\t\t\t\t<div class=\"elementor-widget-container\">\n\t\t\t\t\t\t\t\t\t\t\t\t\t\t\t<img fetchpriority=\"high\" decoding=\"async\" width=\"1280\" height=\"600\" src=\"https:\/\/unifacp.edu.br\/wp-content\/uploads\/2025\/09\/ARTIGO-SITE-TAMANHO-NOVO-8.png\" class=\"attachment-full size-full wp-image-3597\" alt=\"Alunos de Fisioterapia da UNIFACP apresentam TCC em Simp\u00f3sio da Unicamp\" srcset=\"https:\/\/unifacp.edu.br\/wp-content\/uploads\/2025\/09\/ARTIGO-SITE-TAMANHO-NOVO-8.png 1280w, https:\/\/unifacp.edu.br\/wp-content\/uploads\/2025\/09\/ARTIGO-SITE-TAMANHO-NOVO-8-300x141.png 300w, https:\/\/unifacp.edu.br\/wp-content\/uploads\/2025\/09\/ARTIGO-SITE-TAMANHO-NOVO-8-1024x480.png 1024w, https:\/\/unifacp.edu.br\/wp-content\/uploads\/2025\/09\/ARTIGO-SITE-TAMANHO-NOVO-8-768x360.png 768w\" sizes=\"(max-width: 1280px) 100vw, 1280px\" \/>\t\t\t\t\t\t\t\t\t\t\t\t\t\t\t<\/div>\n\t\t\t\t<\/div>\n\t\t\t\t<\/div>\n\t\t<div class=\"elementor-element elementor-element-3a9dd5e e-flex e-con-boxed e-con e-child\" data-id=\"3a9dd5e\" data-element_type=\"container\" data-e-type=\"container\">\n\t\t\t\t\t<div class=\"e-con-inner\">\n\t\t\t\t<div class=\"elementor-element elementor-element-e4e4beb elementor-widget-divider--view-line elementor-widget elementor-widget-divider\" data-id=\"e4e4beb\" data-element_type=\"widget\" data-e-type=\"widget\" data-widget_type=\"divider.default\">\n\t\t\t\t<div class=\"elementor-widget-container\">\n\t\t\t\t\t\t\t<div class=\"elementor-divider\">\n\t\t\t<span class=\"elementor-divider-separator\">\n\t\t\t\t\t\t<\/span>\n\t\t<\/div>\n\t\t\t\t\t\t<\/div>\n\t\t\t\t<\/div>\n\t\t\t\t\t<\/div>\n\t\t\t\t<\/div>\n\t\t<div class=\"elementor-element elementor-element-97dc2e9 e-flex e-con-boxed e-con e-child\" data-id=\"97dc2e9\" data-element_type=\"container\" data-e-type=\"container\">\n\t\t\t\t\t<div class=\"e-con-inner\">\n\t\t\t\t<div class=\"elementor-element elementor-element-74f8360 elementor-widget elementor-widget-text-editor\" data-id=\"74f8360\" data-element_type=\"widget\" data-e-type=\"widget\" data-widget_type=\"text-editor.default\">\n\t\t\t\t<div class=\"elementor-widget-container\">\n\t\t\t\t\t\t\t\t\t<h1>Alunos de Fisioterapia da UNIFACP apresentam TCC em Simp\u00f3sio da Unicamp<\/h1><p><strong>Paul\u00ednia, 19 de setembro de 2025<\/strong>\u00a0\u2013 O Centro Universit\u00e1rio de Paul\u00ednia (UNIFACP) tem a honra de compartilhar a participa\u00e7\u00e3o dos estudantes de Fisioterapia\u00a0<strong>Jo\u00e3o Victor Batista<\/strong>\u00a0e\u00a0<strong>Let\u00edcia Nayara<\/strong>, que apresentaram seu Trabalho de Conclus\u00e3o de Curso (TCC) no renomado\u00a0<strong>VII Simp\u00f3sio de Fisioterapia em Terapia Intensiva da Unicamp (SFTIU 2025)<\/strong>, realizado nesta sexta-feira.<\/p><p>O estudo, intitulado\u00a0<strong>\u201cInterven\u00e7\u00f5es Fisioterap\u00eauticas para Otimiza\u00e7\u00e3o do Desmame Ventilat\u00f3rio em Pacientes Adultos na UTI\u201d<\/strong>, foi desenvolvido sob a orienta\u00e7\u00e3o das professoras\u00a0<strong>Profa. Dra. Aline Colares<\/strong>\u00a0e\u00a0<strong>Profa. Esp. Adriana Terra<\/strong>, com a colabora\u00e7\u00e3o do\u00a0<strong>Prof. Hildebrando Ribeiro<\/strong>.<\/p><p>O evento contou com a presen\u00e7a da\u00a0<strong>Profa. Dra. Luciana Castilho<\/strong>, coordenadora do Servi\u00e7o de Fisioterapia em Terapia Intensiva do Hospital de Cl\u00ednicas da Unicamp, que acompanhou de perto os trabalhos apresentados. A UNIFACP tamb\u00e9m agradece \u00e0\u00a0<strong>Profa. Esp. Gisele \u00c1damo<\/strong>, professora e supervisora de est\u00e1gio no Hospital Municipal de Paul\u00ednia, pelo incentivo e apoio no processo formativo dos alunos.<\/p><p>A participa\u00e7\u00e3o dos estudantes neste simp\u00f3sio de grande relev\u00e2ncia acad\u00eamica e cient\u00edfica refor\u00e7a a excel\u00eancia da forma\u00e7\u00e3o em Fisioterapia da UNIFACP e o compromisso da institui\u00e7\u00e3o com a pesquisa de alto n\u00edvel.<\/p>\t\t\t\t\t\t\t\t<\/div>\n\t\t\t\t<\/div>\n\t\t\t\t\t<\/div>\n\t\t\t\t<\/div>\n\t\t<div class=\"elementor-element elementor-element-2b9b660 e-flex e-con-boxed e-con e-child\" data-id=\"2b9b660\" data-element_type=\"container\" data-e-type=\"container\">\n\t\t\t\t\t<div class=\"e-con-inner\">\n\t\t\t\t<div class=\"elementor-element elementor-element-15da8ad elementor-widget elementor-widget-gallery\" data-id=\"15da8ad\" data-element_type=\"widget\" data-e-type=\"widget\" data-settings=\"{&quot;gap&quot;:{&quot;unit&quot;:&quot;px&quot;,&quot;size&quot;:7,&quot;sizes&quot;:[]},&quot;aspect_ratio&quot;:&quot;9:16&quot;,&quot;lazyload&quot;:&quot;yes&quot;,&quot;gallery_layout&quot;:&quot;grid&quot;,&quot;columns&quot;:4,&quot;columns_tablet&quot;:2,&quot;columns_mobile&quot;:1,&quot;gap_tablet&quot;:{&quot;unit&quot;:&quot;px&quot;,&quot;size&quot;:10,&quot;sizes&quot;:[]},&quot;gap_mobile&quot;:{&quot;unit&quot;:&quot;px&quot;,&quot;size&quot;:10,&quot;sizes&quot;:[]},&quot;link_to&quot;:&quot;file&quot;,&quot;overlay_background&quot;:&quot;yes&quot;,&quot;content_hover_animation&quot;:&quot;fade-in&quot;}\" data-widget_type=\"gallery.default\">\n\t\t\t\t<div class=\"elementor-widget-container\">\n\t\t\t\t\t\t\t<div class=\"elementor-gallery__container\">\n\t\t\t\t\t\t\t<a class=\"e-gallery-item elementor-gallery-item elementor-animated-content\" href=\"https:\/\/unifacp.edu.br\/wp-content\/uploads\/2025\/09\/WhatsApp-Image-2025-09-19-at-18.59.16-3.jpeg\" data-elementor-open-lightbox=\"yes\" data-elementor-lightbox-slideshow=\"15da8ad\" data-elementor-lightbox-title=\"WhatsApp Image 2025-09-19 at 18.59.16 (3)\" data-e-action-hash=\"#elementor-action%3Aaction%3Dlightbox%26settings%3DeyJpZCI6MzU5OCwidXJsIjoiaHR0cHM6XC9cL3VuaWZhY3AuZWR1LmJyXC93cC1jb250ZW50XC91cGxvYWRzXC8yMDI1XC8wOVwvV2hhdHNBcHAtSW1hZ2UtMjAyNS0wOS0xOS1hdC0xOC41OS4xNi0zLmpwZWciLCJzbGlkZXNob3ciOiIxNWRhOGFkIn0%3D\">\n\t\t\t\t\t<div class=\"e-gallery-image elementor-gallery-item__image\" data-thumbnail=\"https:\/\/unifacp.edu.br\/wp-content\/uploads\/2025\/09\/WhatsApp-Image-2025-09-19-at-18.59.16-3.jpeg\" data-width=\"960\" data-height=\"1280\" aria-label=\"\" role=\"img\" ><\/div>\n\t\t\t\t\t\t\t\t\t\t\t<div class=\"elementor-gallery-item__overlay\"><\/div>\n\t\t\t\t\t\t\t\t\t\t\t\t\t\t<\/a>\n\t\t\t\t\t\t\t<a class=\"e-gallery-item elementor-gallery-item elementor-animated-content\" href=\"https:\/\/unifacp.edu.br\/wp-content\/uploads\/2025\/09\/WhatsApp-Image-2025-09-19-at-18.59.16.jpeg\" data-elementor-open-lightbox=\"yes\" data-elementor-lightbox-slideshow=\"15da8ad\" data-elementor-lightbox-title=\"WhatsApp Image 2025-09-19 at 18.59.16\" data-e-action-hash=\"#elementor-action%3Aaction%3Dlightbox%26settings%3DeyJpZCI6MzU5OSwidXJsIjoiaHR0cHM6XC9cL3VuaWZhY3AuZWR1LmJyXC93cC1jb250ZW50XC91cGxvYWRzXC8yMDI1XC8wOVwvV2hhdHNBcHAtSW1hZ2UtMjAyNS0wOS0xOS1hdC0xOC41OS4xNi5qcGVnIiwic2xpZGVzaG93IjoiMTVkYThhZCJ9\">\n\t\t\t\t\t<div class=\"e-gallery-image elementor-gallery-item__image\" data-thumbnail=\"https:\/\/unifacp.edu.br\/wp-content\/uploads\/2025\/09\/WhatsApp-Image-2025-09-19-at-18.59.16.jpeg\" data-width=\"900\" data-height=\"1600\" aria-label=\"\" role=\"img\" ><\/div>\n\t\t\t\t\t\t\t\t\t\t\t<div class=\"elementor-gallery-item__overlay\"><\/div>\n\t\t\t\t\t\t\t\t\t\t\t\t\t\t<\/a>\n\t\t\t\t\t\t\t<a class=\"e-gallery-item elementor-gallery-item elementor-animated-content\" href=\"https:\/\/unifacp.edu.br\/wp-content\/uploads\/2025\/09\/WhatsApp-Image-2025-09-19-at-18.59.16-1.jpeg\" data-elementor-open-lightbox=\"yes\" data-elementor-lightbox-slideshow=\"15da8ad\" data-elementor-lightbox-title=\"WhatsApp Image 2025-09-19 at 18.59.16 (1)\" data-e-action-hash=\"#elementor-action%3Aaction%3Dlightbox%26settings%3DeyJpZCI6MzYwMCwidXJsIjoiaHR0cHM6XC9cL3VuaWZhY3AuZWR1LmJyXC93cC1jb250ZW50XC91cGxvYWRzXC8yMDI1XC8wOVwvV2hhdHNBcHAtSW1hZ2UtMjAyNS0wOS0xOS1hdC0xOC41OS4xNi0xLmpwZWciLCJzbGlkZXNob3ciOiIxNWRhOGFkIn0%3D\">\n\t\t\t\t\t<div class=\"e-gallery-image elementor-gallery-item__image\" data-thumbnail=\"https:\/\/unifacp.edu.br\/wp-content\/uploads\/2025\/09\/WhatsApp-Image-2025-09-19-at-18.59.16-1.jpeg\" data-width=\"960\" data-height=\"1280\" aria-label=\"\" role=\"img\" ><\/div>\n\t\t\t\t\t\t\t\t\t\t\t<div class=\"elementor-gallery-item__overlay\"><\/div>\n\t\t\t\t\t\t\t\t\t\t\t\t\t\t<\/a>\n\t\t\t\t\t\t\t<a class=\"e-gallery-item elementor-gallery-item elementor-animated-content\" href=\"https:\/\/unifacp.edu.br\/wp-content\/uploads\/2025\/09\/WhatsApp-Image-2025-09-19-at-18.59.16-2.jpeg\" data-elementor-open-lightbox=\"yes\" data-elementor-lightbox-slideshow=\"15da8ad\" data-elementor-lightbox-title=\"WhatsApp Image 2025-09-19 at 18.59.16 (2)\" data-e-action-hash=\"#elementor-action%3Aaction%3Dlightbox%26settings%3DeyJpZCI6MzYwMSwidXJsIjoiaHR0cHM6XC9cL3VuaWZhY3AuZWR1LmJyXC93cC1jb250ZW50XC91cGxvYWRzXC8yMDI1XC8wOVwvV2hhdHNBcHAtSW1hZ2UtMjAyNS0wOS0xOS1hdC0xOC41OS4xNi0yLmpwZWciLCJzbGlkZXNob3ciOiIxNWRhOGFkIn0%3D\">\n\t\t\t\t\t<div class=\"e-gallery-image elementor-gallery-item__image\" data-thumbnail=\"https:\/\/unifacp.edu.br\/wp-content\/uploads\/2025\/09\/WhatsApp-Image-2025-09-19-at-18.59.16-2.jpeg\" data-width=\"960\" data-height=\"1280\" aria-label=\"\" role=\"img\" ><\/div>\n\t\t\t\t\t\t\t\t\t\t\t<div class=\"elementor-gallery-item__overlay\"><\/div>\n\t\t\t\t\t\t\t\t\t\t\t\t\t\t<\/a>\n\t\t\t\t\t<\/div>\n\t\t\t\t\t<\/div>\n\t\t\t\t<\/div>\n\t\t\t\t\t<\/div>\n\t\t\t\t<\/div>\n\t\t\t\t<\/div>\n\t\t\t\t<\/div>\n\t\t","protected":false},"excerpt":{"rendered":"<p>Alunos de Fisioterapia da UNIFACP apresentam TCC em Simp\u00f3sio da Unicamp Paul\u00ednia, 19 de setembro de 2025\u00a0\u2013 O Centro Universit\u00e1rio de Paul\u00ednia (UNIFACP) tem a honra de compartilhar a participa\u00e7\u00e3o dos estudantes de Fisioterapia\u00a0Jo\u00e3o Victor Batista\u00a0e\u00a0Let\u00edcia Nayara, que apresentaram seu Trabalho de Conclus\u00e3o de Curso (TCC) no renomado\u00a0VII Simp\u00f3sio de Fisioterapia em Terapia Intensiva da [&hellip;]<\/p>\n","protected":false},"author":1,"featured_media":3595,"comment_status":"closed","ping_status":"open","sticky":false,"template":"","format":"standard","meta":{"footnotes":""},"categories":[135,123],"tags":[],"class_list":["post-3594","post","type-post","status-publish","format-standard","has-post-thumbnail","hentry","category-eventos","category-fisioterapia"],"_links":{"self":[{"href":"https:\/\/unifacp.edu.br\/Home-page\/wp-json\/wp\/v2\/posts\/3594","targetHints":{"allow":["GET"]}}],"collection":[{"href":"https:\/\/unifacp.edu.br\/Home-page\/wp-json\/wp\/v2\/posts"}],"about":[{"href":"https:\/\/unifacp.edu.br\/Home-page\/wp-json\/wp\/v2\/types\/post"}],"author":[{"embeddable":true,"href":"https:\/\/unifacp.edu.br\/Home-page\/wp-json\/wp\/v2\/users\/1"}],"replies":[{"embeddable":true,"href":"https:\/\/unifacp.edu.br\/Home-page\/wp-json\/wp\/v2\/comments?post=3594"}],"version-history":[{"count":0,"href":"https:\/\/unifacp.edu.br\/Home-page\/wp-json\/wp\/v2\/posts\/3594\/revisions"}],"wp:featuredmedia":[{"embeddable":true,"href":"https:\/\/unifacp.edu.br\/Home-page\/wp-json\/wp\/v2\/media\/3595"}],"wp:attachment":[{"href":"https:\/\/unifacp.edu.br\/Home-page\/wp-json\/wp\/v2\/media?parent=3594"}],"wp:term":[{"taxonomy":"category","embeddable":true,"href":"https:\/\/unifacp.edu.br\/Home-page\/wp-json\/wp\/v2\/categories?post=3594"},{"taxonomy":"post_tag","embeddable":true,"href":"https:\/\/unifacp.edu.br\/Home-page\/wp-json\/wp\/v2\/tags?post=3594"}],"curies":[{"name":"wp","href":"https:\/\/api.w.org\/{rel}","templated":true}]}}