{"id":3656,"date":"2025-10-07T13:50:28","date_gmt":"2025-10-07T13:50:28","guid":{"rendered":"https:\/\/unifacp.edu.br\/Home-page\/?p=3656"},"modified":"2025-10-07T13:53:38","modified_gmt":"2025-10-07T13:53:38","slug":"fisioterapia-da-unifacp-em-acao-na-corrida-sest-senat-de-paulinia","status":"publish","type":"post","link":"https:\/\/unifacp.edu.br\/Home-page\/fisioterapia-da-unifacp-em-acao-na-corrida-sest-senat-de-paulinia\/","title":{"rendered":"Fisioterapia da UNIFACP em A\u00e7\u00e3o na Corrida SEST\/SENAT de Paul\u00ednia"},"content":{"rendered":"\t\t<div data-elementor-type=\"wp-post\" data-elementor-id=\"3656\" class=\"elementor elementor-3656\" data-elementor-post-type=\"post\">\n\t\t\t\t<div class=\"elementor-element elementor-element-8b324c1 e-con-full e-flex e-con e-parent\" data-id=\"8b324c1\" data-element_type=\"container\" data-e-type=\"container\">\n\t\t<div class=\"elementor-element elementor-element-291facf e-con-full e-flex e-con e-child\" data-id=\"291facf\" data-element_type=\"container\" data-e-type=\"container\">\n\t\t\t\t<div class=\"elementor-element elementor-element-6b7df79 elementor-widget elementor-widget-image\" data-id=\"6b7df79\" data-element_type=\"widget\" data-e-type=\"widget\" data-widget_type=\"image.default\">\n\t\t\t\t<div class=\"elementor-widget-container\">\n\t\t\t\t\t\t\t\t\t\t\t\t\t\t\t<img fetchpriority=\"high\" decoding=\"async\" width=\"1280\" height=\"600\" src=\"https:\/\/unifacp.edu.br\/wp-content\/uploads\/2025\/10\/ARTIGO-SITE-TAMANHO-NOVO-11.png\" class=\"attachment-full size-full wp-image-3660\" alt=\"Fisioterapia da UNIFACP em A\u00e7\u00e3o na Corrida SEST\/SENAT de Paul\u00ednia ARTIGO\" srcset=\"https:\/\/unifacp.edu.br\/wp-content\/uploads\/2025\/10\/ARTIGO-SITE-TAMANHO-NOVO-11.png 1280w, https:\/\/unifacp.edu.br\/wp-content\/uploads\/2025\/10\/ARTIGO-SITE-TAMANHO-NOVO-11-300x141.png 300w, https:\/\/unifacp.edu.br\/wp-content\/uploads\/2025\/10\/ARTIGO-SITE-TAMANHO-NOVO-11-1024x480.png 1024w, https:\/\/unifacp.edu.br\/wp-content\/uploads\/2025\/10\/ARTIGO-SITE-TAMANHO-NOVO-11-768x360.png 768w\" sizes=\"(max-width: 1280px) 100vw, 1280px\" \/>\t\t\t\t\t\t\t\t\t\t\t\t\t\t\t<\/div>\n\t\t\t\t<\/div>\n\t\t\t\t<\/div>\n\t\t<div class=\"elementor-element elementor-element-9e4633b e-flex e-con-boxed e-con e-child\" data-id=\"9e4633b\" data-element_type=\"container\" data-e-type=\"container\">\n\t\t\t\t\t<div class=\"e-con-inner\">\n\t\t\t\t<div class=\"elementor-element elementor-element-5d69935 elementor-widget-divider--view-line elementor-widget elementor-widget-divider\" data-id=\"5d69935\" data-element_type=\"widget\" data-e-type=\"widget\" data-widget_type=\"divider.default\">\n\t\t\t\t<div class=\"elementor-widget-container\">\n\t\t\t\t\t\t\t<div class=\"elementor-divider\">\n\t\t\t<span class=\"elementor-divider-separator\">\n\t\t\t\t\t\t<\/span>\n\t\t<\/div>\n\t\t\t\t\t\t<\/div>\n\t\t\t\t<\/div>\n\t\t\t\t\t<\/div>\n\t\t\t\t<\/div>\n\t\t<div class=\"elementor-element elementor-element-5657cd2 e-flex e-con-boxed e-con e-child\" data-id=\"5657cd2\" data-element_type=\"container\" data-e-type=\"container\">\n\t\t\t\t\t<div class=\"e-con-inner\">\n\t\t\t\t<div class=\"elementor-element elementor-element-fd3c3fe elementor-widget elementor-widget-text-editor\" data-id=\"fd3c3fe\" data-element_type=\"widget\" data-e-type=\"widget\" data-widget_type=\"text-editor.default\">\n\t\t\t\t<div class=\"elementor-widget-container\">\n\t\t\t\t\t\t\t\t\t<h3><b>Fisioterapia da UNIFACP em A\u00e7\u00e3o na Corrida SEST\/SENAT de Paul\u00ednia<\/b><\/h3><p>\u00a0<\/p><p>No \u00faltimo domingo, 05\/10, os alunos do curso de Fisioterapia da UNIFACP marcaram presen\u00e7a na\u00a0<b>Corrida e Caminhada &#8211; SEST\/SENAT<\/b>, realizada em frente \u00e0 Prefeitura de Paul\u00ednia. A convite do evento, nossa equipe ofereceu suporte terap\u00eautico aos atletas e participantes.<\/p><p>Sob a supervis\u00e3o do Prof. Hildebrando de Barros Ribeiro, os estudantes aplicaram t\u00e9cnicas de libera\u00e7\u00e3o miofascial e quick massage, essenciais para o al\u00edvio muscular e a promo\u00e7\u00e3o do bem-estar. A iniciativa representa um pilar da nossa forma\u00e7\u00e3o: unir o conhecimento te\u00f3rico \u00e0 pr\u00e1tica relevante, beneficiando diretamente a comunidade.<\/p><p>A UNIFACP parabeniza os estudantes pelo excelente trabalho e agradece ao SEST\/SENAT e ao J\u00falio Brustolin pelo convite e pela parceria. A\u00e7\u00f5es como essa refor\u00e7am nosso compromisso com uma educa\u00e7\u00e3o transformadora e com o cuidado com a nossa gente.<\/p><p>Veja as fotos:\u00a0<a href=\"https:\/\/www.instagram.com\/p\/DPemvv7k8zp\/?utm_source=ig_web_copy_link&amp;igsh=MXR2YWdwbTV5bnFwdw==\" target=\"_blank\" rel=\"noopener\" data-saferedirecturl=\"https:\/\/www.google.com\/url?q=https:\/\/www.instagram.com\/p\/DPemvv7k8zp\/?utm_source%3Dig_web_copy_link%26igsh%3DMXR2YWdwbTV5bnFwdw%3D%3D&amp;source=gmail&amp;ust=1759927577854000&amp;usg=AOvVaw0QPT5d6rj26tp2p5C6g5Y_\">https:\/\/www.instagram.<wbr \/>com\/p\/DPemvv7k8zp\/?utm_source=<wbr \/>ig_web_copy_link&amp;igsh=<wbr \/>MXR2YWdwbTV5bnFwdw==<\/a><\/p>\t\t\t\t\t\t\t\t<\/div>\n\t\t\t\t<\/div>\n\t\t\t\t\t<\/div>\n\t\t\t\t<\/div>\n\t\t\t\t<\/div>\n\t\t\t\t<\/div>\n\t\t","protected":false},"excerpt":{"rendered":"<p>Fisioterapia da UNIFACP em A\u00e7\u00e3o na Corrida SEST\/SENAT de Paul\u00ednia \u00a0 No \u00faltimo domingo, 05\/10, os alunos do curso de Fisioterapia da UNIFACP marcaram presen\u00e7a na\u00a0Corrida e Caminhada &#8211; SEST\/SENAT, realizada em frente \u00e0 Prefeitura de Paul\u00ednia. A convite do evento, nossa equipe ofereceu suporte terap\u00eautico aos atletas e participantes. Sob a supervis\u00e3o do Prof. [&hellip;]<\/p>\n","protected":false},"author":1,"featured_media":3657,"comment_status":"closed","ping_status":"open","sticky":false,"template":"","format":"standard","meta":{"footnotes":""},"categories":[123,135],"tags":[],"class_list":["post-3656","post","type-post","status-publish","format-standard","has-post-thumbnail","hentry","category-fisioterapia","category-eventos"],"_links":{"self":[{"href":"https:\/\/unifacp.edu.br\/Home-page\/wp-json\/wp\/v2\/posts\/3656","targetHints":{"allow":["GET"]}}],"collection":[{"href":"https:\/\/unifacp.edu.br\/Home-page\/wp-json\/wp\/v2\/posts"}],"about":[{"href":"https:\/\/unifacp.edu.br\/Home-page\/wp-json\/wp\/v2\/types\/post"}],"author":[{"embeddable":true,"href":"https:\/\/unifacp.edu.br\/Home-page\/wp-json\/wp\/v2\/users\/1"}],"replies":[{"embeddable":true,"href":"https:\/\/unifacp.edu.br\/Home-page\/wp-json\/wp\/v2\/comments?post=3656"}],"version-history":[{"count":0,"href":"https:\/\/unifacp.edu.br\/Home-page\/wp-json\/wp\/v2\/posts\/3656\/revisions"}],"wp:featuredmedia":[{"embeddable":true,"href":"https:\/\/unifacp.edu.br\/Home-page\/wp-json\/wp\/v2\/media\/3657"}],"wp:attachment":[{"href":"https:\/\/unifacp.edu.br\/Home-page\/wp-json\/wp\/v2\/media?parent=3656"}],"wp:term":[{"taxonomy":"category","embeddable":true,"href":"https:\/\/unifacp.edu.br\/Home-page\/wp-json\/wp\/v2\/categories?post=3656"},{"taxonomy":"post_tag","embeddable":true,"href":"https:\/\/unifacp.edu.br\/Home-page\/wp-json\/wp\/v2\/tags?post=3656"}],"curies":[{"name":"wp","href":"https:\/\/api.w.org\/{rel}","templated":true}]}}