{"id":3859,"date":"2025-10-27T14:38:04","date_gmt":"2025-10-27T14:38:04","guid":{"rendered":"https:\/\/unifacp.edu.br\/Home-page\/?p=3859"},"modified":"2025-10-27T14:52:19","modified_gmt":"2025-10-27T14:52:19","slug":"conexao-academica-unifacp","status":"publish","type":"post","link":"https:\/\/unifacp.edu.br\/Home-page\/conexao-academica-unifacp\/","title":{"rendered":"CONEX\u00c3O ACAD\u00caMICA UNIFACP"},"content":{"rendered":"\t\t<div data-elementor-type=\"wp-post\" data-elementor-id=\"3859\" class=\"elementor elementor-3859\" data-elementor-post-type=\"post\">\n\t\t\t\t<div class=\"elementor-element elementor-element-0804946 e-con-full e-flex e-con e-parent\" data-id=\"0804946\" data-element_type=\"container\" data-e-type=\"container\">\n\t\t<div class=\"elementor-element elementor-element-d92f6ca e-con-full e-flex e-con e-child\" data-id=\"d92f6ca\" data-element_type=\"container\" data-e-type=\"container\">\n\t\t\t\t<div class=\"elementor-element elementor-element-9494d48 elementor-widget elementor-widget-image\" data-id=\"9494d48\" data-element_type=\"widget\" data-e-type=\"widget\" data-widget_type=\"image.default\">\n\t\t\t\t<div class=\"elementor-widget-container\">\n\t\t\t\t\t\t\t\t\t\t\t\t\t\t\t<img fetchpriority=\"high\" decoding=\"async\" width=\"1280\" height=\"450\" src=\"https:\/\/unifacp.edu.br\/wp-content\/uploads\/2025\/10\/Conexao-Academica-UNIFACP-2025-artigo-a-1.png\" class=\"attachment-full size-full wp-image-3875\" alt=\"Conex\u00e3o Acad\u00eamica UNIFACP 2025 artigo a (1)\" srcset=\"https:\/\/unifacp.edu.br\/wp-content\/uploads\/2025\/10\/Conexao-Academica-UNIFACP-2025-artigo-a-1.png 1280w, https:\/\/unifacp.edu.br\/wp-content\/uploads\/2025\/10\/Conexao-Academica-UNIFACP-2025-artigo-a-1-300x105.png 300w, https:\/\/unifacp.edu.br\/wp-content\/uploads\/2025\/10\/Conexao-Academica-UNIFACP-2025-artigo-a-1-1024x360.png 1024w, https:\/\/unifacp.edu.br\/wp-content\/uploads\/2025\/10\/Conexao-Academica-UNIFACP-2025-artigo-a-1-768x270.png 768w\" sizes=\"(max-width: 1280px) 100vw, 1280px\" \/>\t\t\t\t\t\t\t\t\t\t\t\t\t\t\t<\/div>\n\t\t\t\t<\/div>\n\t\t\t\t<\/div>\n\t\t<div class=\"elementor-element elementor-element-8474af9 e-flex e-con-boxed e-con e-child\" data-id=\"8474af9\" data-element_type=\"container\" data-e-type=\"container\">\n\t\t\t\t\t<div class=\"e-con-inner\">\n\t\t\t\t<div class=\"elementor-element elementor-element-a3fa016 elementor-widget-divider--view-line elementor-widget elementor-widget-divider\" data-id=\"a3fa016\" data-element_type=\"widget\" data-e-type=\"widget\" data-widget_type=\"divider.default\">\n\t\t\t\t<div class=\"elementor-widget-container\">\n\t\t\t\t\t\t\t<div class=\"elementor-divider\">\n\t\t\t<span class=\"elementor-divider-separator\">\n\t\t\t\t\t\t<\/span>\n\t\t<\/div>\n\t\t\t\t\t\t<\/div>\n\t\t\t\t<\/div>\n\t\t\t\t\t<\/div>\n\t\t\t\t<\/div>\n\t\t<div class=\"elementor-element elementor-element-4ca178d e-flex e-con-boxed e-con e-child\" data-id=\"4ca178d\" data-element_type=\"container\" data-e-type=\"container\">\n\t\t\t\t\t<div class=\"e-con-inner\">\n\t\t\t\t<div class=\"elementor-element elementor-element-4c08d54 elementor-widget elementor-widget-text-editor\" data-id=\"4c08d54\" data-element_type=\"widget\" data-e-type=\"widget\" data-widget_type=\"text-editor.default\">\n\t\t\t\t<div class=\"elementor-widget-container\">\n\t\t\t\t\t\t\t\t\t<h2 id=\"\" class=\"animate__fadeIn animate__slower\">CONEX\u00c3O ACAD\u00caMICA UNIFACP<\/h2><p class=\"animate__fadeIn animate__slower\">A UNIFACP tem o prazer de convidar alunos do 3\u00ba ano do ensino m\u00e9dio e a comunidade em geral para uma experi\u00eancia enriquecedora e memor\u00e1vel. Este evento foi pensado para ajud\u00e1-lo a explorar o seu futuro profissional de maneira acess\u00edvel e inspiradora, conectando voc\u00ea ao universo acad\u00eamico com atividades din\u00e2micas e oportunidades de intera\u00e7\u00e3o.<\/p><p class=\"animate__fadeIn animate__slower\">Participe e aproveite para:<\/p><ul class=\"animate__fadeIn animate__slower\"><li>\u2728 Envolver-se em atividades interativas que promovem o aprendizado pr\u00e1tico e a criatividade;<\/li><li>\ud83d\udde3\ufe0f Conversar com professores e estudantes da UNIFACP, esclarecendo d\u00favidas sobre a vida universit\u00e1ria;<\/li><li>\ud83c\udfeb Visitar os espa\u00e7os da UNIFACP, incluindo laborat\u00f3rios, salas de aula e \u00e1reas comuns;<\/li><li>\ud83c\udfaf Conhecer carreiras;<\/li><li>\ud83c\udfb6 Aproveitar apresenta\u00e7\u00f5es de m\u00fasica ao vivo e um coffee break para momentos de descontra\u00e7\u00e3o.<\/li><\/ul><p>\u00a0<\/p><p class=\"animate__fadeIn animate__slower\">N\u00e3o deixe de participar dessa iniciativa que une educa\u00e7\u00e3o e inspira\u00e7\u00e3o! O evento ocorrer\u00e1 de\u00a0<strong>10 a 14 de novembro<\/strong>, na UNIFACP, situada na <strong>Rua Madre Maria Vilac, 121 &#8211; Bela Vista, Paul\u00ednia.<\/strong><\/p>\t\t\t\t\t\t\t\t<\/div>\n\t\t\t\t<\/div>\n\t\t\t\t<div class=\"elementor-element elementor-element-18d29c3 elementor-widget elementor-widget-image\" data-id=\"18d29c3\" data-element_type=\"widget\" data-e-type=\"widget\" data-widget_type=\"image.default\">\n\t\t\t\t<div class=\"elementor-widget-container\">\n\t\t\t\t\t\t\t\t\t\t\t\t\t\t\t<img decoding=\"async\" width=\"1\" height=\"1\" src=\"https:\/\/unifacp.edu.br\/wp-content\/uploads\/2025\/10\/5.png\" class=\"attachment-large size-large wp-image-3671\" alt=\"Programa\u00e7\u00e3o Oficial do Intercursos UNIFACP 2025\" \/>\t\t\t\t\t\t\t\t\t\t\t\t\t\t\t<\/div>\n\t\t\t\t<\/div>\n\t\t\t\t\t<\/div>\n\t\t\t\t<\/div>\n\t\t\t\t<\/div>\n\t\t\t\t<\/div>\n\t\t","protected":false},"excerpt":{"rendered":"<p>CONEX\u00c3O ACAD\u00caMICA UNIFACP A UNIFACP tem o prazer de convidar alunos do 3\u00ba ano do ensino m\u00e9dio e a comunidade em geral para uma experi\u00eancia enriquecedora e memor\u00e1vel. Este evento foi pensado para ajud\u00e1-lo a explorar o seu futuro profissional de maneira acess\u00edvel e inspiradora, conectando voc\u00ea ao universo acad\u00eamico com atividades din\u00e2micas e oportunidades [&hellip;]<\/p>\n","protected":false},"author":1,"featured_media":3860,"comment_status":"closed","ping_status":"open","sticky":false,"template":"","format":"standard","meta":{"footnotes":""},"categories":[135],"tags":[],"class_list":["post-3859","post","type-post","status-publish","format-standard","has-post-thumbnail","hentry","category-eventos"],"_links":{"self":[{"href":"https:\/\/unifacp.edu.br\/Home-page\/wp-json\/wp\/v2\/posts\/3859","targetHints":{"allow":["GET"]}}],"collection":[{"href":"https:\/\/unifacp.edu.br\/Home-page\/wp-json\/wp\/v2\/posts"}],"about":[{"href":"https:\/\/unifacp.edu.br\/Home-page\/wp-json\/wp\/v2\/types\/post"}],"author":[{"embeddable":true,"href":"https:\/\/unifacp.edu.br\/Home-page\/wp-json\/wp\/v2\/users\/1"}],"replies":[{"embeddable":true,"href":"https:\/\/unifacp.edu.br\/Home-page\/wp-json\/wp\/v2\/comments?post=3859"}],"version-history":[{"count":0,"href":"https:\/\/unifacp.edu.br\/Home-page\/wp-json\/wp\/v2\/posts\/3859\/revisions"}],"wp:featuredmedia":[{"embeddable":true,"href":"https:\/\/unifacp.edu.br\/Home-page\/wp-json\/wp\/v2\/media\/3860"}],"wp:attachment":[{"href":"https:\/\/unifacp.edu.br\/Home-page\/wp-json\/wp\/v2\/media?parent=3859"}],"wp:term":[{"taxonomy":"category","embeddable":true,"href":"https:\/\/unifacp.edu.br\/Home-page\/wp-json\/wp\/v2\/categories?post=3859"},{"taxonomy":"post_tag","embeddable":true,"href":"https:\/\/unifacp.edu.br\/Home-page\/wp-json\/wp\/v2\/tags?post=3859"}],"curies":[{"name":"wp","href":"https:\/\/api.w.org\/{rel}","templated":true}]}}