{"id":4132,"date":"2025-12-17T12:56:17","date_gmt":"2025-12-17T12:56:17","guid":{"rendered":"https:\/\/unifacp.edu.br\/Home-page\/?p=4132"},"modified":"2025-12-19T15:21:11","modified_gmt":"2025-12-19T15:21:11","slug":"apresentacao-das-aps-reune-alunos-do-presencial-e-ead-na-unifacp","status":"publish","type":"post","link":"https:\/\/unifacp.edu.br\/Home-page\/apresentacao-das-aps-reune-alunos-do-presencial-e-ead-na-unifacp\/","title":{"rendered":"Apresenta\u00e7\u00e3o das Atividades de Extens\u00e3o &#8211; A.P.S."},"content":{"rendered":"\t\t<div data-elementor-type=\"wp-post\" data-elementor-id=\"4132\" class=\"elementor elementor-4132\" data-elementor-post-type=\"post\">\n\t\t\t\t<div class=\"elementor-element elementor-element-ddcc48f e-con-full e-flex e-con e-parent\" data-id=\"ddcc48f\" data-element_type=\"container\" data-e-type=\"container\">\n\t\t<div class=\"elementor-element elementor-element-bbde2df e-con-full e-flex e-con e-child\" data-id=\"bbde2df\" data-element_type=\"container\" data-e-type=\"container\">\n\t\t\t\t<div class=\"elementor-element elementor-element-1436c8e elementor-widget elementor-widget-image\" data-id=\"1436c8e\" data-element_type=\"widget\" data-e-type=\"widget\" data-widget_type=\"image.default\">\n\t\t\t\t<div class=\"elementor-widget-container\">\n\t\t\t\t\t\t\t\t\t\t\t\t\t\t\t<img fetchpriority=\"high\" decoding=\"async\" width=\"1280\" height=\"450\" src=\"https:\/\/unifacp.edu.br\/wp-content\/uploads\/2025\/12\/aps-1280-x-450-px.png\" class=\"attachment-full size-full wp-image-4136\" alt=\"aps slide\" srcset=\"https:\/\/unifacp.edu.br\/wp-content\/uploads\/2025\/12\/aps-1280-x-450-px.png 1280w, https:\/\/unifacp.edu.br\/wp-content\/uploads\/2025\/12\/aps-1280-x-450-px-300x105.png 300w, https:\/\/unifacp.edu.br\/wp-content\/uploads\/2025\/12\/aps-1280-x-450-px-1024x360.png 1024w, https:\/\/unifacp.edu.br\/wp-content\/uploads\/2025\/12\/aps-1280-x-450-px-768x270.png 768w\" sizes=\"(max-width: 1280px) 100vw, 1280px\" \/>\t\t\t\t\t\t\t\t\t\t\t\t\t\t\t<\/div>\n\t\t\t\t<\/div>\n\t\t\t\t<\/div>\n\t\t<div class=\"elementor-element elementor-element-ab25420 e-flex e-con-boxed e-con e-child\" data-id=\"ab25420\" data-element_type=\"container\" data-e-type=\"container\">\n\t\t\t\t\t<div class=\"e-con-inner\">\n\t\t\t\t<div class=\"elementor-element elementor-element-f3a2009 elementor-widget-divider--view-line elementor-widget elementor-widget-divider\" data-id=\"f3a2009\" data-element_type=\"widget\" data-e-type=\"widget\" data-widget_type=\"divider.default\">\n\t\t\t\t<div class=\"elementor-widget-container\">\n\t\t\t\t\t\t\t<div class=\"elementor-divider\">\n\t\t\t<span class=\"elementor-divider-separator\">\n\t\t\t\t\t\t<\/span>\n\t\t<\/div>\n\t\t\t\t\t\t<\/div>\n\t\t\t\t<\/div>\n\t\t\t\t\t<\/div>\n\t\t\t\t<\/div>\n\t\t<div class=\"elementor-element elementor-element-4b32702 e-flex e-con-boxed e-con e-child\" data-id=\"4b32702\" data-element_type=\"container\" data-e-type=\"container\">\n\t\t\t\t\t<div class=\"e-con-inner\">\n\t\t\t\t<div class=\"elementor-element elementor-element-dd4f90c elementor-widget elementor-widget-text-editor\" data-id=\"dd4f90c\" data-element_type=\"widget\" data-e-type=\"widget\" data-widget_type=\"text-editor.default\">\n\t\t\t\t<div class=\"elementor-widget-container\">\n\t\t\t\t\t\t\t\t\t<p><span style=\"color: #000000;\">A <strong>UNIFACP<\/strong> realizou, nesta semana, a apresenta\u00e7\u00e3o das Atividades Pr\u00e1ticas Supervisionadas (<strong>APS<\/strong>), reunindo alunos dos cursos presenciais e do EAD em um momento especial de integra\u00e7\u00e3o e troca de experi\u00eancias.<\/span><\/p><p><span style=\"color: #000000;\">Durante o evento, os estudantes tiveram a oportunidade de compartilhar seus projetos, demonstrar seus aprendizados e apresentar solu\u00e7\u00f5es criativas desenvolvidas ao longo do semestre. A diversidade de temas e abordagens mostrou, mais uma vez, o comprometimento dos alunos e o impacto positivo que as APS t\u00eam na forma\u00e7\u00e3o acad\u00eamica e profissional.<\/span><\/p><p><span style=\"color: #000000;\">A participa\u00e7\u00e3o conjunta dos cursos presenciais e EAD refor\u00e7a a proposta da UNIFACP de promover um ensino din\u00e2mico, colaborativo e conectado com as demandas do mercado. Foi um dia marcado por di\u00e1logo, inova\u00e7\u00e3o.<\/span><\/p><p><span style=\"color: #000000;\">As fotos registradas no evento est\u00e3o dispon\u00edveis no link abaixo:<\/span><\/p><p><a href=\"https:\/\/drive.google.com\/drive\/folders\/16M-R54tmUAD28Wtyp1xgqM1g1MzN2Ec8?usp=sharing\" target=\"_blank\" rel=\"noopener\">Clique Aqui!<\/a><\/p>\t\t\t\t\t\t\t\t<\/div>\n\t\t\t\t<\/div>\n\t\t\t\t<div class=\"elementor-element elementor-element-b1d5424 elementor-widget elementor-widget-image\" data-id=\"b1d5424\" data-element_type=\"widget\" data-e-type=\"widget\" data-widget_type=\"image.default\">\n\t\t\t\t<div class=\"elementor-widget-container\">\n\t\t\t\t\t\t\t\t\t\t\t\t\t\t\t<img decoding=\"async\" width=\"1\" height=\"1\" src=\"https:\/\/unifacp.edu.br\/wp-content\/uploads\/2025\/10\/5.png\" class=\"attachment-large size-large wp-image-3671\" alt=\"Programa\u00e7\u00e3o Oficial do Intercursos UNIFACP 2025\" \/>\t\t\t\t\t\t\t\t\t\t\t\t\t\t\t<\/div>\n\t\t\t\t<\/div>\n\t\t\t\t\t<\/div>\n\t\t\t\t<\/div>\n\t\t\t\t<\/div>\n\t\t\t\t<\/div>\n\t\t","protected":false},"excerpt":{"rendered":"<p>A UNIFACP realizou, nesta semana, a apresenta\u00e7\u00e3o das Atividades Pr\u00e1ticas Supervisionadas (APS), reunindo alunos dos cursos presenciais e do EAD em um momento especial de integra\u00e7\u00e3o e troca de experi\u00eancias. Durante o evento, os estudantes tiveram a oportunidade de compartilhar seus projetos, demonstrar seus aprendizados e apresentar solu\u00e7\u00f5es criativas desenvolvidas ao longo do semestre. A [&hellip;]<\/p>\n","protected":false},"author":1,"featured_media":4133,"comment_status":"closed","ping_status":"open","sticky":false,"template":"","format":"standard","meta":{"footnotes":""},"categories":[135,79,112],"tags":[],"class_list":["post-4132","post","type-post","status-publish","format-standard","has-post-thumbnail","hentry","category-eventos","category-cursos-ead","category-cursos-presenciais"],"_links":{"self":[{"href":"https:\/\/unifacp.edu.br\/Home-page\/wp-json\/wp\/v2\/posts\/4132","targetHints":{"allow":["GET"]}}],"collection":[{"href":"https:\/\/unifacp.edu.br\/Home-page\/wp-json\/wp\/v2\/posts"}],"about":[{"href":"https:\/\/unifacp.edu.br\/Home-page\/wp-json\/wp\/v2\/types\/post"}],"author":[{"embeddable":true,"href":"https:\/\/unifacp.edu.br\/Home-page\/wp-json\/wp\/v2\/users\/1"}],"replies":[{"embeddable":true,"href":"https:\/\/unifacp.edu.br\/Home-page\/wp-json\/wp\/v2\/comments?post=4132"}],"version-history":[{"count":0,"href":"https:\/\/unifacp.edu.br\/Home-page\/wp-json\/wp\/v2\/posts\/4132\/revisions"}],"wp:featuredmedia":[{"embeddable":true,"href":"https:\/\/unifacp.edu.br\/Home-page\/wp-json\/wp\/v2\/media\/4133"}],"wp:attachment":[{"href":"https:\/\/unifacp.edu.br\/Home-page\/wp-json\/wp\/v2\/media?parent=4132"}],"wp:term":[{"taxonomy":"category","embeddable":true,"href":"https:\/\/unifacp.edu.br\/Home-page\/wp-json\/wp\/v2\/categories?post=4132"},{"taxonomy":"post_tag","embeddable":true,"href":"https:\/\/unifacp.edu.br\/Home-page\/wp-json\/wp\/v2\/tags?post=4132"}],"curies":[{"name":"wp","href":"https:\/\/api.w.org\/{rel}","templated":true}]}}